{"id":10404,"date":"2024-07-30T13:43:46","date_gmt":"2024-07-30T13:43:46","guid":{"rendered":"https:\/\/ladepeche.mr\/?p=10404"},"modified":"2024-07-30T13:43:46","modified_gmt":"2024-07-30T13:43:46","slug":"insecurite-a-la-frontiere-malienne-plus-de-30-000-mauritaniens-reviennent-au-bercail","status":"publish","type":"post","link":"https:\/\/ladepeche.mr\/?p=10404","title":{"rendered":"Ins\u00e9curit\u00e9 \u00e0 la fronti\u00e8re malienne\u00a0: Plus de 30.000 mauritaniens reviennent au bercail"},"content":{"rendered":"<p>Les donn\u00e9es sur le mouvement des populations, suite \u00e0 l\u2019ins\u00e9curit\u00e9 et aux incidents enregistr\u00e9s \u00e0 la fronti\u00e8re avec le Mali voisin, font \u00e9tat du retour \u00e0 l\u2019int\u00e9rieur des fronti\u00e8res nationales de plus de 31 milles mauritaniens.<\/p>\n<p>Ces statistiques \u00e9tablies en Mauritanie par l\u2019Organisation Internationale pour les Migrations (OIM) sont effectu\u00e9es au niveau de la wilaya (r\u00e9gion) du Hodh Charghi. Elles auraient \u00e9t\u00e9 collect\u00e9es entre le 04 juin et le 02 juillet 2024.<\/p>\n<p>Ce d\u00e9placement de population concerne le retour en Mauritanie de ressortissants mauritaniens qui viendraient grossir les populations des \u00ab\u00a0communes de Bassikounou, Dhar, Megve et Vassala dans la wilaya du Hodh Ech Chargi\u00a0\u00bb et \u00ab\u00a0Adel Baghrou\u00a0\u00bb. Un retour qui fragilise \u00e9galement les moyens dans ces localit\u00e9s d\u00e9j\u00e0 dans le besoin.<\/p>\n<p>Les populations retourneraient des localit\u00e9s de Tombouctou, S\u00e9gou et Kayes au Mali.<\/p>\n<p>Plusieurs incidents avec morts d\u2019hommes, attribu\u00e9es aux mercenaires Wagner qui aident les Fama, ont \u00e9maill\u00e9 ces derniers temps la fronti\u00e8re mauritano-mauritanienne avec la reprise des hostilit\u00e9s entre les autorit\u00e9s de Bamako et les organisations touar\u00e8gues de l\u2019Azawad.<\/p>\n","protected":false},"excerpt":{"rendered":"<p>Les donn\u00e9es sur le mouvement des populations, suite \u00e0 l\u2019ins\u00e9curit\u00e9 et aux incidents enregistr\u00e9s \u00e0 la fronti\u00e8re avec le Mali voisin, font \u00e9tat du retour \u00e0 l\u2019int\u00e9rieur des fronti\u00e8res nationales de plus de 31 milles mauritaniens. Ces statistiques \u00e9tablies en Mauritanie par l\u2019Organisation Internationale pour les Migrations (OIM) sont effectu\u00e9es au niveau de la wilaya &hellip;<\/p>\n","protected":false},"author":2,"featured_media":10405,"comment_status":"open","ping_status":"open","sticky":false,"template":"","format":"standard","meta":{"footnotes":""},"categories":[18,29],"tags":[],"class_list":["post-10404","post","type-post","status-publish","format-standard","has-post-thumbnail","hentry","category-actualites","category-monde"],"_links":{"self":[{"href":"https:\/\/ladepeche.mr\/index.php?rest_route=\/wp\/v2\/posts\/10404","targetHints":{"allow":["GET"]}}],"collection":[{"href":"https:\/\/ladepeche.mr\/index.php?rest_route=\/wp\/v2\/posts"}],"about":[{"href":"https:\/\/ladepeche.mr\/index.php?rest_route=\/wp\/v2\/types\/post"}],"author":[{"embeddable":true,"href":"https:\/\/ladepeche.mr\/index.php?rest_route=\/wp\/v2\/users\/2"}],"replies":[{"embeddable":true,"href":"https:\/\/ladepeche.mr\/index.php?rest_route=%2Fwp%2Fv2%2Fcomments&post=10404"}],"version-history":[{"count":1,"href":"https:\/\/ladepeche.mr\/index.php?rest_route=\/wp\/v2\/posts\/10404\/revisions"}],"predecessor-version":[{"id":10406,"href":"https:\/\/ladepeche.mr\/index.php?rest_route=\/wp\/v2\/posts\/10404\/revisions\/10406"}],"wp:featuredmedia":[{"embeddable":true,"href":"https:\/\/ladepeche.mr\/index.php?rest_route=\/wp\/v2\/media\/10405"}],"wp:attachment":[{"href":"https:\/\/ladepeche.mr\/index.php?rest_route=%2Fwp%2Fv2%2Fmedia&parent=10404"}],"wp:term":[{"taxonomy":"category","embeddable":true,"href":"https:\/\/ladepeche.mr\/index.php?rest_route=%2Fwp%2Fv2%2Fcategories&post=10404"},{"taxonomy":"post_tag","embeddable":true,"href":"https:\/\/ladepeche.mr\/index.php?rest_route=%2Fwp%2Fv2%2Ftags&post=10404"}],"curies":[{"name":"wp","href":"https:\/\/api.w.org\/{rel}","templated":true}]}}