{"id":10407,"date":"2024-07-30T13:52:42","date_gmt":"2024-07-30T13:52:42","guid":{"rendered":"https:\/\/ladepeche.mr\/?p=10407"},"modified":"2024-07-30T13:52:42","modified_gmt":"2024-07-30T13:52:42","slug":"harris-sur-une-bonne-dynamique-pour-battre-trump-par-reed-galen","status":"publish","type":"post","link":"https:\/\/ladepeche.mr\/?p=10407","title":{"rendered":"Harris sur une bonne dynamique pour battre Trump&#8230;..         Par Reed Galen"},"content":{"rendered":"<p>WASHINGTON, DC \u2013 La politique am\u00e9ricaine au cours du mois qui vient de s\u2019\u00e9couler fera sans aucun doute l\u2019objet d\u2019ouvrages entiers. En l\u2019espace de seulement quatre semaines, la course \u00e0 la pr\u00e9sidence des \u00c9tats-Unis a \u00e9t\u00e9 boulevers\u00e9e, renvers\u00e9e, et les cartes rebattues. \u00c0 d\u00e9sormais pr\u00e8s de 100\u00a0jours de l\u2019\u00e9lection, les Am\u00e9ricains entament la derni\u00e8re ligne droite de cette course.<\/p>\n<p>D\u00e8s le d\u00e9but de la campagne, la principale inqui\u00e9tude des \u00e9lecteurs concernant le pr\u00e9sident <a href=\"https:\/\/www.project-syndicate.org\/columnist\/joseph-biden-jr\">Joe Biden<\/a> r\u00e9sidait dans son \u00e2ge. Pr\u00e9sident am\u00e9ricain <a href=\"https:\/\/thehill.com\/changing-america\/enrichment\/arts-culture\/3744771-here-are-the-oldest-us-presidents-to-ever-hold-office\/\">le plus \u00e2g\u00e9<\/a> jamais \u00e9lu \u00e0 la t\u00eate du pays, Biden atteindrait 86\u00a0ans \u00e0 la fin d\u2019un deuxi\u00e8me mandat de quatre ans. Dans les <a href=\"https:\/\/abcnews.go.com\/538\/americans-worried-bidens-age-long-debate\/story?id=111858302\">sondages<\/a> \u00e0 la fois nationaux et r\u00e9alis\u00e9s dans les \u00c9tats pivots, les \u00e9lecteurs exprimaient de s\u00e9rieux doutes quant \u00e0 la capacit\u00e9 de Biden \u00e0 faire preuve de l\u2019acuit\u00e9 mentale n\u00e9cessaire pour diriger les \u00c9tats-Unis \u00e0 un \u00e2ge aussi avanc\u00e9.<\/p>\n<p>La performance d\u00e9sastreuse de Biden lors du d\u00e9bat du 27\u00a0juin a sembl\u00e9 confirmer les inqui\u00e9tudes des \u00e9lecteurs. Sa cote de popularit\u00e9 a en effet <a href=\"https:\/\/apnews.com\/article\/biden-trump-poll-drop-out-debate-democrats-59eebaca6989985c2bfbf4f72bdfa112\">significativement diminu\u00e9<\/a>, pas de mani\u00e8re catastrophique pour autant, et cela uniquement gr\u00e2ce \u00e0 l\u2019impopularit\u00e9 profonde de son adversaire Donald Trump. Si Trump avait \u00e9t\u00e9 un candidat m\u00eame l\u00e9g\u00e8rement plus \u00ab\u00a0normal\u00a0\u00bb, le soutien des \u00e9lecteurs \u00e0 son \u00e9gard aurait pu \u00eatre consid\u00e9rablement plus important.<\/p>\n<p>&nbsp;<\/p>\n<p>Dans les semaines qui ont suivi, alors que Biden, sa famille et son cercle restreint se d\u00e9battaient avec la question de savoir s\u2019il devait se retirer de la course, Trump s\u2019est fait discret, passant plus de temps sur les terrains de golf qu\u2019au contact du public. C\u2019est lorsqu\u2019il est r\u00e9apparu le 13\u00a0juillet, \u00e0 l\u2019occasion d\u2019un rassemblement de campagne en Pennsylvanie, que la saga \u00e9lectorale am\u00e9ricaine est devenue plus dramatique\u00a0: pendant que Trump pronon\u00e7ait son discours, des coups de feu ont retenti, et le projectile d\u2019un aspirant assassin est venu lui <a href=\"https:\/\/www.nytimes.com\/video\/us\/politics\/100000009570525\/trump-assassination-attempt.html\">effleurer l\u2019oreille<\/a>.<\/p>\n<p>M\u00eame apr\u00e8s la fusillade \u2013 que Trump a transform\u00e9e en une photographie opportuniste de lui-m\u00eame, le poing dress\u00e9 devant la foule, la joue tach\u00e9e de sang \u2013 le soutien \u00e0 son \u00e9gard n\u2019a <a href=\"https:\/\/www.newsweek.com\/donald-trump-no-poll-boost-after-assassination-attempt-us-election-1925680\">pas grimp\u00e9 en fl\u00e8che<\/a>. Trump n\u2019a pas non plus r\u00e9ellement gagn\u00e9 en dynamique apr\u00e8s la Convention nationale des R\u00e9publicains \u00e0 Milwaukee, durant laquelle il a officiellement accept\u00e9 sa nomination en tant que candidat pr\u00e9sidentiel du bon vieux parti, dans un <a href=\"https:\/\/www.youtube.com\/watch?v=_oy8_kk2uzs\">discours<\/a> d\u00e9cousu, incoh\u00e9rent et clivant, qui a contredit les appels du candidat \u00e0 \u00ab\u00a0l\u2019unit\u00e9\u00a0\u00bb face \u00e0 la violence politique.<\/p>\n<p>Comment expliquer que tout ce feuilleton n\u2019ait pas fini de convaincre les \u00e9lecteurs ind\u00e9pendants, ind\u00e9cis ou anti-Trump\u00a0? Pour faire court, la plupart des Am\u00e9ricains n\u2019ont \u00e9t\u00e9 emball\u00e9s ni par l\u2019un, ni par l\u2019autre des candidats. Biden est \u00e2g\u00e9, mais \u00e0 78\u00a0ans Trump n\u2019est pas beaucoup plus jeune, lui qui se r\u00e9v\u00e8le par ailleurs chaotique, corrompu, irrationnel, et susceptible de mettre en \u0153uvre des politiques peu soutenues en dehors de son \u00e9lectorat extr\u00e9miste \u00e9troit.<\/p>\n<p>Les D\u00e9mocrates ont \u00e9galement commis plusieurs erreurs strat\u00e9giques importantes. Pendant que Biden d\u00e9lib\u00e9rait sur la question de savoir s\u2019il devait rester dans la course, son \u00e9quipe de campagne et l\u2019ensemble de l\u2019appareil politique d\u00e9mocrate auraient d\u00fb faire valoir leurs arguments contre Trump et son colistier nouvellement annonc\u00e9, J.D. Vance, <a href=\"https:\/\/www.reuters.com\/world\/russia-ready-work-with-any-us-leader-says-lavrov-2024-07-17\/\">soutenu par le Kremlin<\/a>. Au lieu de cela, les D\u00e9mocrates sont rest\u00e9s dans l\u2019immobilisme et l\u2019attentisme, ce qui n\u2019est pas une premi\u00e8re de leur part.<\/p>\n<p>En effet, au cours de mes cinq ann\u00e9es de travail environ aux c\u00f4t\u00e9s de l\u2019appareil du Parti d\u00e9mocrate, j\u2019ai pu constater directement comment l\u2019h\u00e9sitation ou l\u2019incapacit\u00e9 \u00e0 agir rapidement et de mani\u00e8re d\u00e9cisive ont conduit \u00e0 une d\u00e9pendance excessive du parti \u00e0 des facteurs externes pour renforcer sa position. C\u2019est ce qu\u2019illustre notamment <em><a href=\"https:\/\/www.supremecourt.gov\/opinions\/21pdf\/19-1392_6j37.pdf\">Dobbs v. Jackson Women\u2019s Health Organization<\/a><\/em>, la d\u00e9cision de la Cour supr\u00eame de\u00a02022 annulant <em><a href=\"https:\/\/www.law.cornell.edu\/supremecourt\/text\/410\/113\">Roe v. Wade<\/a><\/em>, jugement de 1973\u00a0ayant \u00e9tabli un droit constitutionnel \u00e0 l\u2019avortement. Les D\u00e9mocrates auraient pu ancrer dans le marbre l\u2019arr\u00eat <em>Roe v. Wade<\/em> en\u00a02009, au moyen d\u2019une loi f\u00e9d\u00e9rale, lorsqu\u2019ils contr\u00f4laient la Maison-Blanche et les deux chambres du Congr\u00e8s. Or, le pr\u00e9sident Barack Obama a d\u00e9cid\u00e9 que les droits relatifs \u00e0 l\u2019avortement ne constituaient <a href=\"https:\/\/www.reuters.com\/article\/markets\/us\/obama-says-abortion-rights-law-not-a-top-priority-idUSN29466420\/\">pas une priorit\u00e9 majeure<\/a>.<\/p>\n<p>Ainsi ne devrions-nous sans doute pas \u00eatre surpris que si peu de choses aient eu lieu du c\u00f4t\u00e9 des D\u00e9mocrates entre le d\u00e9sastre du d\u00e9bat de juin et l\u2019<a href=\"https:\/\/apnews.com\/article\/biden-drops-out-2024-election-ddffde72838370032bdcff946cfc2ce6\">annonce<\/a> de l\u2019\u00e9quipe de campagne de Biden, pr\u00e8s d\u2019un mois plus tard, selon laquelle il renon\u00e7ait \u00e0 l\u2019investiture d\u00e9mocrate, pour soutenir la vice-pr\u00e9sidente Kamala Harris. Ce qui s\u2019annon\u00e7ait encore r\u00e9cemment comme un match retour entre deux candidats \u00e2g\u00e9s et impopulaires est alors devenu un affrontement captivant pour l\u2019avenir des \u00c9tats-Unis.<\/p>\n<p>Le XXI<sup>e<\/sup> si\u00e8cle a connu de nombreuses \u00ab\u00a0premi\u00e8res\u00a0\u00bb dans la politique am\u00e9ricaine\u00a0: le premier pr\u00e9sident afro-am\u00e9ricain, suivi du premier pr\u00e9sident aspirant autoritaire, la premi\u00e8re \u00e9lection organis\u00e9e durant une pand\u00e9mie mondiale, et d\u00e9sormais la premi\u00e8re fois que le candidat d\u2019un des deux grands partis se retire de la course apr\u00e8s avoir remport\u00e9 les primaires.<\/p>\n<p>Un autre \u00e9v\u00e9nement in\u00e9dit pourrait avoir lieu prochainement\u00a0: si Harris l\u2019emporte, elle deviendra la premi\u00e8re femme \u00e0 la t\u00eate des \u00c9tats-Unis. Cette perspective s\u2019est d\u2019ailleurs r\u00e9v\u00e9l\u00e9e stimulante\u00a0: en un peu plus de 24\u00a0heures, les donateurs ont d\u00e9bours\u00e9 un <a href=\"https:\/\/apnews.com\/article\/kamala-harris-fundraising-democrat-president-biden-trump-434a55ea1eb29e5da92cc9b1f9cb401f\">montant record<\/a> de 81\u00a0millions\u00a0$ en soutien \u00e0 la campagne de Kamala Harris, et les premi\u00e8res apparitions de la candidate ont \u00e9t\u00e9 accueillies par des <a href=\"https:\/\/www.youtube.com\/watch?v=HHKaTy9hD-E&amp;ab_channel=CNN\">foules tr\u00e8s enthousiastes<\/a>. De ses dirigeants jusqu\u2019\u00e0 ses donateurs, le Parti d\u00e9mocrate a fait ce qu\u2019il fallait, exprimant un soutien sans r\u00e9serve \u00e0 sa nouvelle candidate.<\/p>\n<p>La r\u00e9ponse de l\u2019\u00e9quipe Trump \u00e9tait largement pr\u00e9visible. Le candidat r\u00e9publicain a <a href=\"https:\/\/eu.usatoday.com\/story\/news\/politics\/elections\/2024\/07\/23\/trump-campaign-money-refund-biden\/74508726007\/\">fait valoir<\/a> qu\u2019un remboursement devait lui \u00eatre vers\u00e9 pour les millions de dollars d\u00e9pens\u00e9s durant sa campagne contre Biden, et <a href=\"https:\/\/www.washingtonpost.com\/politics\/2024\/07\/26\/trump-turning-point-speech-vance\/\">d\u00e9clar\u00e9<\/a> que la nomination de Kamala Harris \u00e9quivalait \u00e0 un \u00ab\u00a0coup d\u2019\u00c9tat\u00a0\u00bb. Plusieurs membres r\u00e9publicains du Congr\u00e8s ont qualifi\u00e9 Harris de candidate \u00ab\u00a0<a href=\"https:\/\/thehill.com\/homenews\/campaign\/4794505-trump-harris-diversity-equity\/#:~:text=In%20the%20days%20since%20Harris,Harris%20a%20%E2%80%9CDEI%20hire.%E2%80%9D\">DEI<\/a>\u00a0\u00bb (diversit\u00e9, \u00e9quit\u00e9 et inclusion), sugg\u00e9rant qu\u2019elle avait \u00e9t\u00e9 choisie pour son identit\u00e9 plut\u00f4t que pour son parcours. Le Parti r\u00e9publicain s\u2019attaque \u00e0 Harris par tous les moyens, mais jusqu\u2019\u00e0 pr\u00e9sent aucun coup n\u2019affecte la candidate.<\/p>\n<p>Au cours des 100\u00a0prochains jours, le contraste entre les deux candidats continuera de se pr\u00e9ciser. Face \u00e0 la jeune et \u00e9nergique Harris, le quasi-octog\u00e9naire Trump para\u00eetra encore plus d\u00e9cr\u00e9pit. Les vents propulseront Harris, pendant que le manque d\u2019adh\u00e9sion continuera de tirer Trump vers le bas. La candidate formulera, esp\u00e9rons-le, des arguments clairs, puissants et enthousiastes en cette nouvelle \u00e8re politique post-baby-boom, tandis que Trump, incomp\u00e9tent et r\u00e9trograde, continuera de s\u2019appuyer sur un discours odieux et sur la tactique de la peur.<\/p>\n<p>Comme le disait le disparu pr\u00e9sident George H.W. Bush, en politique, il faut parier sur l\u2019\u00e9quipe qui b\u00e9n\u00e9ficie du \u00ab\u00a0<a href=\"https:\/\/www.researchgate.net\/publication\/240730585_Staying_Alive_The_Impact_of_Media_Momentum_on_Candidacy_Attrition_in_the_1980-2004_Primaries\">Big Mo<\/a>\u00a0\u00bb (le \u00ab\u00a0momentum\u00a0\u00bb). C\u2019est actuellement l\u2019\u00e9quipe Harris qui jouit de cette dynamique. Si elle parvient \u00e0 capitaliser sur cet \u00e9lan, \u00e0 \u00e9lever jusqu\u2019\u00e0 son paroxysme l\u2019engouement autour de sa campagne, elle pourrait bien infliger \u00e0 Trump et au Parti r\u00e9publicain une d\u00e9faite cuisante.<\/p>\n<p>&nbsp;<\/p>\n<p><strong><em>Reed Galen, auteur de <a href=\"https:\/\/reedgalen.substack.com\/\">The Home Front<\/a> sur Substack, est pr\u00e9sident de <a href=\"http:\/\/www.jointheunion.us\/\">JoinTheUnion.us<\/a>, une coalition engag\u00e9e pour la d\u00e9fense de la d\u00e9mocratie et la lutte contre les candidats autoritaires.<\/em><\/strong><\/p>\n<p><strong><em>\u00a0<\/em><\/strong><\/p>\n<p><strong>Copyright: Project Syndicate, 2024.<br \/>\n<a href=\"http:\/\/www.project-syndicate.org\">www.project-syndicate.org<\/a><\/strong><\/p>\n<p><strong>\u00a0<\/strong><\/p>\n","protected":false},"excerpt":{"rendered":"<p>WASHINGTON, DC \u2013 La politique am\u00e9ricaine au cours du mois qui vient de s\u2019\u00e9couler fera sans aucun doute l\u2019objet d\u2019ouvrages entiers. En l\u2019espace de seulement quatre semaines, la course \u00e0 la pr\u00e9sidence des \u00c9tats-Unis a \u00e9t\u00e9 boulevers\u00e9e, renvers\u00e9e, et les cartes rebattues. \u00c0 d\u00e9sormais pr\u00e8s de 100\u00a0jours de l\u2019\u00e9lection, les Am\u00e9ricains entament la derni\u00e8re ligne &hellip;<\/p>\n","protected":false},"author":2,"featured_media":10409,"comment_status":"open","ping_status":"open","sticky":false,"template":"","format":"standard","meta":{"footnotes":""},"categories":[18,29],"tags":[],"class_list":["post-10407","post","type-post","status-publish","format-standard","has-post-thumbnail","hentry","category-actualites","category-monde"],"_links":{"self":[{"href":"https:\/\/ladepeche.mr\/index.php?rest_route=\/wp\/v2\/posts\/10407","targetHints":{"allow":["GET"]}}],"collection":[{"href":"https:\/\/ladepeche.mr\/index.php?rest_route=\/wp\/v2\/posts"}],"about":[{"href":"https:\/\/ladepeche.mr\/index.php?rest_route=\/wp\/v2\/types\/post"}],"author":[{"embeddable":true,"href":"https:\/\/ladepeche.mr\/index.php?rest_route=\/wp\/v2\/users\/2"}],"replies":[{"embeddable":true,"href":"https:\/\/ladepeche.mr\/index.php?rest_route=%2Fwp%2Fv2%2Fcomments&post=10407"}],"version-history":[{"count":1,"href":"https:\/\/ladepeche.mr\/index.php?rest_route=\/wp\/v2\/posts\/10407\/revisions"}],"predecessor-version":[{"id":10410,"href":"https:\/\/ladepeche.mr\/index.php?rest_route=\/wp\/v2\/posts\/10407\/revisions\/10410"}],"wp:featuredmedia":[{"embeddable":true,"href":"https:\/\/ladepeche.mr\/index.php?rest_route=\/wp\/v2\/media\/10409"}],"wp:attachment":[{"href":"https:\/\/ladepeche.mr\/index.php?rest_route=%2Fwp%2Fv2%2Fmedia&parent=10407"}],"wp:term":[{"taxonomy":"category","embeddable":true,"href":"https:\/\/ladepeche.mr\/index.php?rest_route=%2Fwp%2Fv2%2Fcategories&post=10407"},{"taxonomy":"post_tag","embeddable":true,"href":"https:\/\/ladepeche.mr\/index.php?rest_route=%2Fwp%2Fv2%2Ftags&post=10407"}],"curies":[{"name":"wp","href":"https:\/\/api.w.org\/{rel}","templated":true}]}}