{"id":10411,"date":"2024-07-30T15:21:55","date_gmt":"2024-07-30T15:21:55","guid":{"rendered":"https:\/\/ladepeche.mr\/?p=10411"},"modified":"2024-07-30T15:21:55","modified_gmt":"2024-07-30T15:21:55","slug":"mauritanie-rapport-elogieux-de-la-bm-sur-la-situation-economique-du-pays","status":"publish","type":"post","link":"https:\/\/ladepeche.mr\/?p=10411","title":{"rendered":"Mauritanie\u00a0: Rapport \u00e9logieux de la BM sur la situation \u00e9conomique du pays"},"content":{"rendered":"<p>La septi\u00e8me \u00e9dition du rapport sur la situation \u00e9conomique de la Mauritanie, juillet 2024, ne tarit pas d\u2019\u00e9loges sur les performances de l\u2019\u00e9conomie mauritanienne. Mais ses auteurs notent que ce n\u2019est pas du fait du hasard. Les performances des politiques \u00e9conomiques et mon\u00e9taires en seraient la principale raison.<\/p>\n<p><strong>Des efforts r\u00e9compens\u00e9s<\/strong><\/p>\n<p>En Mauritanie l&#8217;inflation, de 9,6 % en 2022 s\u2019\u00e9tablit \u00e0 2,6% escompt\u00e9e pour juin 2024. Elle poursuit sa chute libre sous l\u2019effet de la politique mon\u00e9taire imprim\u00e9e durant ces deux derni\u00e8res ann\u00e9es, sans tambour, ni trompettes par les autorit\u00e9s de la BCM sous l\u2019injonction du Gouverneur de la BCM, Mohamed Lemine Dhehby. \u00a0Selon le rapport de la BM \u00a0\u00ab Maximiser le rendement du capital humain en Mauritanie pour une richesse accrue et une prosp\u00e9rit\u00e9 partag\u00e9e \u00bb, \u00ab\u00a0la baisse de l&#8217;inflation et l&#8217;am\u00e9lioration des soldes budg\u00e9taire et ext\u00e9rieur ont contribu\u00e9 \u00e0 renforcer la stabilit\u00e9 macro\u00e9conomique du pays\u00a0\u00bb.<\/p>\n<p>Le gouvernement mauritanien et sa Banque centrale peuvent se frotter les mains la veille de l\u2019investiture pour un second mandat du pr\u00e9sident Mohamed Ghazouani, r\u00e9elu le 29 juin dernier. En effet, le rapport de la BM note avec satisfaction les r\u00e9sultats auxquels ont abouti les politiques \u00e9conomique et mon\u00e9taire du pays soutenant sa stabilit\u00e9 et sa r\u00e9silience macro\u00e9conomique.<\/p>\n<p><strong>D\u00e9collage imminent<\/strong><\/p>\n<p>Cerise sur le g\u00e2teau, en Mauritanie, nonobstant sa contraction, la croissance du pays \u00ab\u00a0reste sup\u00e9rieure \u00e0 la moyenne mondiale et \u00e0 celle de l&#8217;Afrique subsaharienne \u00bb. Pour les r\u00e9dacteurs du rapport, la situation du pays \u00e0 l\u2019or\u00e9e de l\u2019exploitation de ses gisements gaziers augure de lendemains meilleurs. Les perspectives, \u00e0 court et moyen termes, pr\u00e9sagent de perspectives \u00e9conomiques all\u00e9chantes. \u00ab\u00a0Ce rebond de la croissance \u00e9conomique conjugu\u00e9e aux r\u00e9formes structurelles annonc\u00e9es, notamment en mati\u00e8re de la valorisation du Capital humain, permettraient au pays un v\u00e9ritable d\u00e9collage vers l\u2019\u00e9mergence \u00e9conomique\u00a0\u00bb.<\/p>\n<p>JD<\/p>\n","protected":false},"excerpt":{"rendered":"<p>La septi\u00e8me \u00e9dition du rapport sur la situation \u00e9conomique de la Mauritanie, juillet 2024, ne tarit pas d\u2019\u00e9loges sur les performances de l\u2019\u00e9conomie mauritanienne. Mais ses auteurs notent que ce n\u2019est pas du fait du hasard. Les performances des politiques \u00e9conomiques et mon\u00e9taires en seraient la principale raison. Des efforts r\u00e9compens\u00e9s En Mauritanie l&#8217;inflation, de &hellip;<\/p>\n","protected":false},"author":2,"featured_media":10412,"comment_status":"open","ping_status":"open","sticky":false,"template":"","format":"standard","meta":{"footnotes":""},"categories":[18,2],"tags":[],"class_list":["post-10411","post","type-post","status-publish","format-standard","has-post-thumbnail","hentry","category-actualites","category-economie"],"_links":{"self":[{"href":"https:\/\/ladepeche.mr\/index.php?rest_route=\/wp\/v2\/posts\/10411","targetHints":{"allow":["GET"]}}],"collection":[{"href":"https:\/\/ladepeche.mr\/index.php?rest_route=\/wp\/v2\/posts"}],"about":[{"href":"https:\/\/ladepeche.mr\/index.php?rest_route=\/wp\/v2\/types\/post"}],"author":[{"embeddable":true,"href":"https:\/\/ladepeche.mr\/index.php?rest_route=\/wp\/v2\/users\/2"}],"replies":[{"embeddable":true,"href":"https:\/\/ladepeche.mr\/index.php?rest_route=%2Fwp%2Fv2%2Fcomments&post=10411"}],"version-history":[{"count":1,"href":"https:\/\/ladepeche.mr\/index.php?rest_route=\/wp\/v2\/posts\/10411\/revisions"}],"predecessor-version":[{"id":10413,"href":"https:\/\/ladepeche.mr\/index.php?rest_route=\/wp\/v2\/posts\/10411\/revisions\/10413"}],"wp:featuredmedia":[{"embeddable":true,"href":"https:\/\/ladepeche.mr\/index.php?rest_route=\/wp\/v2\/media\/10412"}],"wp:attachment":[{"href":"https:\/\/ladepeche.mr\/index.php?rest_route=%2Fwp%2Fv2%2Fmedia&parent=10411"}],"wp:term":[{"taxonomy":"category","embeddable":true,"href":"https:\/\/ladepeche.mr\/index.php?rest_route=%2Fwp%2Fv2%2Fcategories&post=10411"},{"taxonomy":"post_tag","embeddable":true,"href":"https:\/\/ladepeche.mr\/index.php?rest_route=%2Fwp%2Fv2%2Ftags&post=10411"}],"curies":[{"name":"wp","href":"https:\/\/api.w.org\/{rel}","templated":true}]}}