{"id":10425,"date":"2024-07-31T11:06:10","date_gmt":"2024-07-31T11:06:10","guid":{"rendered":"https:\/\/ladepeche.mr\/?p=10425"},"modified":"2024-07-31T11:06:21","modified_gmt":"2024-07-31T11:06:21","slug":"les-promotions-militaires-sont-une-reponse-efficace-au-terrorisme-ministre-de-la-defense","status":"publish","type":"post","link":"https:\/\/ladepeche.mr\/?p=10425","title":{"rendered":"Les\u00a0 promotions militaires sont une r\u00e9ponse efficace au terrorisme (ministre de la d\u00e9fense)"},"content":{"rendered":"<p>Le ministre de la d\u00e9fense nationale, Hanena Ould Sidi, a estim\u00e9, mardi, \u00e0 l\u2019occasion de la sortie de la 6<sup>\u00e8me<\/sup> promotion d\u2019officiers du Comm\u00e8ge de d\u00e9fense que les promotions militaires par une formation de haut niveau est une r\u00e9ponse efficace des arm\u00e9es au risque qu\u2019impose le terrorisme aux pays du Sahel.<\/p>\n<p>Pour Ould Sidi, en effet, la formation de haut niveau pr\u00e9parerait les hauts responsables militaires \u00ab\u00a0\u00e0 la planification strat\u00e9gique et au commandement op\u00e9rationnel, contribuant ainsi \u00e0 renforcer et \u00e0 accro\u00eetre l\u2019efficacit\u00e9 des forces arm\u00e9es du pays et des autres pays fr\u00e8res et amis dans la lutte contre l\u2019extr\u00e9misme et le terrorisme, la d\u00e9fense de l\u2019int\u00e9grit\u00e9 territoriale et le maintien de la stabilit\u00e9 et de la s\u00e9curit\u00e9\u00a0\u00bb.<\/p>\n<p>Le ministre a, dans ce cadre, lou\u00e9 la mise en place de ce coll\u00e8ge \u00ab\u00a0devenu une r\u00e9f\u00e9rence pour les cadres militaires\u00a0par sa contribution au renforcement de l\u2019expertise en mati\u00e8re de s\u00e9curit\u00e9 et des capacit\u00e9s de d\u00e9fense\u00a0des forces arm\u00e9es\u00a0\u00bb.<\/p>\n<p>Pour le g\u00e9n\u00e9ral de brigade Abba Babty El Hadj Ahmed, commandant de l\u2019\u00c9cole de d\u00e9fense du G5 Sahel, l\u2019objectif principal de cette \u00e9cole \u00ab est de r\u00e9pondre aux besoins des forces de d\u00e9fense et de s\u00e9curit\u00e9 des pays du G5 Sahel en officiers sup\u00e9rieurs form\u00e9s selon les r\u00e9alit\u00e9s et les besoins de la r\u00e9gion du Sahel, d\u2019am\u00e9liorer l\u2019interop\u00e9rabilit\u00e9 au sein des arm\u00e9es, de contribuer \u00e0 la standardisation des doctrines et des m\u00e9thodes, et de servir de cadre d\u2019\u00e9tude et de r\u00e9flexion sur les grandes questions de s\u00e9curit\u00e9 et de d\u00e9veloppement auxquelles la r\u00e9gion est confront\u00e9e \u00bb.<\/p>\n<p>Le Coll\u00e8ge de d\u00e9fense du G5 Sahel est la premi\u00e8re \u00e9cole militaire transfrontali\u00e8re de formation et p\u00f4le d\u2019excellence de l\u2019enseignement militaire sup\u00e9rieur, a \u00e9t\u00e9 cr\u00e9\u00e9 en 2018 pour les besoins de r\u00e9ponse de terrain des 5 pays qui composaient le G5Sahel (Mauritanie, Tchad, Niger, Burkina et Mali). Une organisation sous-r\u00e9gionale de d\u00e9fense qui a finalement implos\u00e9 avec les sorties fracassantes du Mali, du Burkina et du Niger suite \u00e0 des coups d\u2019Etat dans ces pays.<\/p>\n","protected":false},"excerpt":{"rendered":"<p>Le ministre de la d\u00e9fense nationale, Hanena Ould Sidi, a estim\u00e9, mardi, \u00e0 l\u2019occasion de la sortie de la 6\u00e8me promotion d\u2019officiers du Comm\u00e8ge de d\u00e9fense que les promotions militaires par une formation de haut niveau est une r\u00e9ponse efficace des arm\u00e9es au risque qu\u2019impose le terrorisme aux pays du Sahel. Pour Ould Sidi, en &hellip;<\/p>\n","protected":false},"author":2,"featured_media":7030,"comment_status":"open","ping_status":"open","sticky":false,"template":"","format":"standard","meta":{"footnotes":""},"categories":[18],"tags":[],"class_list":["post-10425","post","type-post","status-publish","format-standard","has-post-thumbnail","hentry","category-actualites"],"_links":{"self":[{"href":"https:\/\/ladepeche.mr\/index.php?rest_route=\/wp\/v2\/posts\/10425","targetHints":{"allow":["GET"]}}],"collection":[{"href":"https:\/\/ladepeche.mr\/index.php?rest_route=\/wp\/v2\/posts"}],"about":[{"href":"https:\/\/ladepeche.mr\/index.php?rest_route=\/wp\/v2\/types\/post"}],"author":[{"embeddable":true,"href":"https:\/\/ladepeche.mr\/index.php?rest_route=\/wp\/v2\/users\/2"}],"replies":[{"embeddable":true,"href":"https:\/\/ladepeche.mr\/index.php?rest_route=%2Fwp%2Fv2%2Fcomments&post=10425"}],"version-history":[{"count":1,"href":"https:\/\/ladepeche.mr\/index.php?rest_route=\/wp\/v2\/posts\/10425\/revisions"}],"predecessor-version":[{"id":10426,"href":"https:\/\/ladepeche.mr\/index.php?rest_route=\/wp\/v2\/posts\/10425\/revisions\/10426"}],"wp:featuredmedia":[{"embeddable":true,"href":"https:\/\/ladepeche.mr\/index.php?rest_route=\/wp\/v2\/media\/7030"}],"wp:attachment":[{"href":"https:\/\/ladepeche.mr\/index.php?rest_route=%2Fwp%2Fv2%2Fmedia&parent=10425"}],"wp:term":[{"taxonomy":"category","embeddable":true,"href":"https:\/\/ladepeche.mr\/index.php?rest_route=%2Fwp%2Fv2%2Fcategories&post=10425"},{"taxonomy":"post_tag","embeddable":true,"href":"https:\/\/ladepeche.mr\/index.php?rest_route=%2Fwp%2Fv2%2Ftags&post=10425"}],"curies":[{"name":"wp","href":"https:\/\/api.w.org\/{rel}","templated":true}]}}