{"id":10429,"date":"2024-07-31T12:18:12","date_gmt":"2024-07-31T12:18:12","guid":{"rendered":"https:\/\/ladepeche.mr\/?p=10429"},"modified":"2024-07-31T12:18:12","modified_gmt":"2024-07-31T12:18:12","slug":"que-signifie-lassassinat-dismail-haniye-a-teheran","status":"publish","type":"post","link":"https:\/\/ladepeche.mr\/?p=10429","title":{"rendered":"Que signifie l\u2019assassinat d\u2019Isma\u00efl Haniy\u00e9 \u00e0 T\u00e9h\u00e9ran ?"},"content":{"rendered":"<div class=\"summary\">\n<p>Le chef politique du Hamas a \u00e9t\u00e9 tu\u00e9 en pleine capitale iranienne, quelques heures apr\u00e8s l\u2019assassinat de Fouad Chokor dans la banlieue sud de Beyrouth.<\/p>\n<\/div>\n<div class=\"article-info\">\n<p>Les circonstances restent floues mais c\u2019est officiel. Les m\u00e9dias iraniens l\u2019ont annonc\u00e9 peu avant 6h du matin, et le Hamas l\u2019a rapidement confirm\u00e9. Le chef de la branche politique du Hamas, Isma\u00efl Haniy\u00e9, a \u00e9t\u00e9 tu\u00e9 avec un de ses gardes du corps dans une frappe imput\u00e9e \u00e0 Isra\u00ebl sur son lieu de r\u00e9sidence \u00e0 T\u00e9h\u00e9ran, o\u00f9 il venait de rencontrer le guide supr\u00eame Ali Khamenei et d\u2019assister \u00e0 la c\u00e9r\u00e9monie d&#8217;investiture du nouveau pr\u00e9sident iranien, Massoud Pezeshkian. L\u2019annonce intervient surtout quelques heures seulement apr\u00e8s l\u2019assassinat par l\u2019Etat h\u00e9breu de\u00a0<a href=\"https:\/\/www.lorientlejour.com\/article\/1422060\/qui-est-fouad-chokor-responsable-du-hezbollah-vise-par-israel-.html\" target=\"_blank\" rel=\"noopener\">Fouad Chokor, haut commandant du Hezbollah<\/a>, en pleine banlieue sud de Beyrouth &#8211; dont la mort n\u2019a pas encore \u00e9t\u00e9 confirm\u00e9e par le parti chiite. Une riposte \u00e0 la frappe sur Majdel Chams ayant tu\u00e9 samedi 27 juillet 12 enfants et adolescents dans le Golan annex\u00e9, qui a franchi toutes les r\u00e8gles d\u2019engagement et les lignes rouges \u00e9dict\u00e9es au pr\u00e9alable, par \u00ab l\u2019axe de la r\u00e9sistance \u00bb comme par les alli\u00e9s am\u00e9ricains. Dans ce contexte, l\u2019assassinat du leader palestinien dans la capitale de la R\u00e9publique islamique semble ainsi moins servir un objectif strat\u00e9gique que d\u2019\u00eatre un message adress\u00e9 \u00e0 l\u2019Iran et \u00e0 \u00ab l\u2019axe de la r\u00e9sistance \u00bb dans son ensemble.<\/p>\n<h2><b>Quid des pourparlers pour une tr\u00eave \u00e0 Gaza\u00a0?<\/b><\/h2>\n<p>Car Isma\u00efl Haniy\u00e9, bas\u00e9 le plus souvent au Qatar, avait certes une influence non n\u00e9gligeable au sein du mouvement palestinien, qu\u2019il repr\u00e9sentait notamment aupr\u00e8s des m\u00e9diateurs lors des n\u00e9gociations autour d\u2019un cessez-le-feu \u00e9ventuel \u00e0 Gaza et d\u2019une lib\u00e9ration des otages encore d\u00e9tenus dans la bande de terre. Et il est le plus important leader du groupe, list\u00e9 comme terroriste par Isra\u00ebl, les Etats-Unis et de nombreux pays europ\u00e9ens, \u00e0 avoir \u00e9t\u00e9 \u00e9limin\u00e9 durant cette guerre. Depuis le 7 octobre cependant, celui qui prend les d\u00e9cisions et a le dernier mot dans ce dossier se trouverait dans les tunnels de Gaza. Aucune condition ne peut \u00eatre \u00e9mise, aucun accord ne peut \u00eatre sign\u00e9 sans l\u2019approbation de Yahya Sinouar, chef du mouvement dans l\u2019enclave issu de sa branche militaire. Un responsable et ancien porte-parole du Hamas, Sami Abou Zouhri, a d\u00e9clar\u00e9 \u00e0 l\u2019agence Reuters que l\u2019assassinat d\u2019Isma\u00efl Haniy\u00e9 repr\u00e9sentait \u00ab une grave escalade, qui n\u2019atteindra pas ses objectifs \u00bb.<\/p>\n<p>De quoi laisser entendre que les pourparlers en vue d\u2019une tr\u00eave se poursuivront malgr\u00e9 tout ? \u00c0 l\u2019heure actuelle, le sort des n\u00e9gociations reste inconnu, tout comme les r\u00e9actions possibles du mouvement, qui pourrait lancer un barrage de roquettes sur plusieurs villes en Isra\u00ebl en repr\u00e9sailles. Strat\u00e9giquement, un cessez-le-feu semble n\u00e9anmoins souhait\u00e9 depuis plusieurs semaines par le groupe palestinien, alors que les op\u00e9rations isra\u00e9liennes dans la bande de Gaza ne faiblissent pas. Apr\u00e8s avoir fait des concessions d\u00e9but juillet, le Hamas a poursuivi les discussions en d\u00e9pit de nouvelles exigences impos\u00e9es par les Isra\u00e9liens au fil des discussions, accusant m\u00eame r\u00e9cemment le Premier ministre Benjamin Netanyahu de \u00ab procrastination \u00bb.<\/p>\n<h2><b>L&#8217;Iran touch\u00e9 directement<\/b><\/h2>\n<p>Reste que la frappe a atteint la R\u00e9publique islamique en son c\u0153ur. Certes, ce n\u2019est pas la premi\u00e8re fois que Tel-Aviv est derri\u00e8re des assassinats cibl\u00e9s visant la capitale iranienne. En 2022, un haut grad\u00e9 du Corps des gardiens de la r\u00e9volution a \u00e9t\u00e9 tu\u00e9 dans sa voiture en plein T\u00e9h\u00e9ran, et avant lui Mohsen Fakhrizadeh, un responsable scientifique du programme nucl\u00e9aire iranien, deux ans plus t\u00f4t. Mais ce dernier incident intervient apr\u00e8s qu\u2019un \u00e9change tendu de ripostes ait eu lieu en avril dernier, dans le cadre de la guerre \u00e0 Gaza, faisant craindre un embrasement r\u00e9gional du conflit. En r\u00e9ponse \u00e0 une frappe sur son annexe consulaire \u00e0 Damas\u00a0<a href=\"https:\/\/www.lorientlejour.com\/article\/1408907\/qui-etait-mohammad-reza-zahedi-tue-a-damas-par-israel-.html\" target=\"_blank\" rel=\"noopener\">ayant tu\u00e9 un haut responsable des pasdaran, Mohammad Reza Zahedi<\/a>, T\u00e9h\u00e9ran avait envoy\u00e9 le 13 avril plus de trois cents projectiles contre Isra\u00ebl, pour la plupart intercept\u00e9s, avant d\u2019essuyer l\u2019envoi de plusieurs missiles visant les alentours d\u2019Ispahan, non loin d\u2019une centrale nucl\u00e9aire. Entendant montrer les muscles, la R\u00e9publique islamique avait promis de r\u00e9agir avec force contre toute agression future contre son territoire et ses int\u00e9r\u00eats, laissant m\u00eame planer la menace d\u2019un changement de sa doctrine nucl\u00e9aire pour autoriser officiellement l\u2019utilisation de l\u2019atome dans le domaine militaire.<\/p>\n<p>La s\u00e9quence s\u2019\u00e9tait n\u00e9anmoins tass\u00e9e en raison notamment des contacts diplomatiques effectu\u00e9s de part et d\u2019autre pour calibrer les r\u00e9ponses en vue d\u2019\u00e9viter le d\u00e9clenchement d\u2019une confrontation directe entre les deux ennemis. Une r\u00e9alit\u00e9 rendue possible du fait que l\u2019Iran ne veut pas d\u2019une guerre r\u00e9gionale qui pourrait affaiblir son r\u00e9seau d\u2019affili\u00e9s et \u00e9branler son r\u00e9gime, et que les Etats-Unis non plus. Si Washington reste sur la m\u00eame ligne, entendant encore \u00e9viter une guerre totale, il semble n\u00e9anmoins avoir r\u00e9vis\u00e9 quelque peu ses calculs au vu de l&#8217;obstination d&#8217;Isra\u00ebl \u00e0 r\u00e9tablir sa capacit\u00e9 de dissuasion r\u00e9gionale. Les Am\u00e9ricains auraient \u00e9t\u00e9 inform\u00e9s \u00e0 l\u2019avance par leur alli\u00e9 que ce dernier allait frapper la banlieue sud de Beyrouth, qu&#8217;ils avaient pourtant \u00e9rig\u00e9e comme une ligne rouge. Dans le sillage de l\u2019attaque isra\u00e9lienne, une base des milices pro-iraniennes en Irak a \u00e9t\u00e9 prise pour cible par les forces am\u00e9ricaines. L\u2019encha\u00eenement des frappes pourrait indiquer un effort coordonn\u00e9 des deux alli\u00e9s d\u2019envoyer un signal fort \u00e0 \u00ab l\u2019axe de la r\u00e9sistance \u00bb dans son ensemble : personne ne sera en s\u00e9curit\u00e9 nulle part. Le discours de Benjamin Netanyahu au Congr\u00e8s am\u00e9ricain le 24 juillet dernier, o\u00f9 il a d\u00e9peint la menace iranienne comme existentielle aussi pour les Etats-Unis, aura-t-il finalement trouv\u00e9 \u00e9cho aupr\u00e8s d\u2019un alli\u00e9 pourtant lass\u00e9 de sa conduite de la guerre ?<\/p>\n<h2><b>\u00ab D\u00e9ni plausible\u00a0\u00bb isra\u00e9lien<\/b><\/h2>\n<p>La question qui se pose d\u00e9sormais est de savoir quelle sera la r\u00e9ponse \u00e0 l\u2019assassinat d\u2019Isma\u00efl Haniy\u00e9 ? Selon le\u00a0<i>New York Times<\/i>, l\u2019Iran a convoqu\u00e9 le Conseil supr\u00eame de s\u00e9curit\u00e9 nationale pour une r\u00e9union d\u2019urgence mercredi matin, \u00e0 laquelle participerait \u00e9galement le g\u00e9n\u00e9ral Hossein Salami, commandant des forces al-Qods, bras paramilitaire des gardiens de la r\u00e9volution charg\u00e9s des relations avec les alli\u00e9s de T\u00e9h\u00e9ran. Quelques heures apr\u00e8s l&#8217;annonce de la mort d&#8217;Isma\u00efl Haniy\u00e9, le guide supr\u00eame iranien a promis un \u00ab ch\u00e2timent s\u00e9v\u00e8re \u00bb \u00e0 Isra\u00ebl. Son pr\u00e9sident tout juste investi, Massoud Pezeshkian, a affirm\u00e9 que l&#8217;Iran \u00ab d\u00e9fendra son int\u00e9grit\u00e9 territoriale, son honneur, sa fiert\u00e9 et sa dignit\u00e9, et fera regretter aux envahisseurs terroristes leur acte l\u00e2che \u00bb. Au regard de la proximit\u00e9 temporelle avec la frappe sur la banlieue sud de Beyrouth, la R\u00e9publique islamique pourrait laisser le Hezbollah r\u00e9pondre aux deux incidents en une fois. D\u2019autant que ce n\u2019est pas un responsable iranien qui a \u00e9t\u00e9 vis\u00e9. Dans le cas o\u00f9 l\u2019hypoth\u00e8se d\u2019un missile isra\u00e9lien est confirm\u00e9e par les autorit\u00e9s iraniennes, il sera toutefois plus difficile pour T\u00e9h\u00e9ran de ne pas r\u00e9pondre directement. Reste que le pr\u00e9c\u00e9dent de janvier, lorsque le num\u00e9ro deux du Hamas\u00a0<a href=\"https:\/\/www.lorientlejour.com\/article\/1363598\/assassinat-de-saleh-el-arouri-le-modus-operandi-de-lattaque.html\" target=\"_blank\" rel=\"noopener\">Saleh el-Arouri a \u00e9t\u00e9 tu\u00e9 dans la banlieue sud de Beyrouth<\/a>, la r\u00e9ponse du Hezbollah n\u2019a pas d\u00e9pass\u00e9 les r\u00e8gles d\u2019engagement avec Isra\u00ebl. Si l\u2019Etat h\u00e9breu a revendiqu\u00e9 l\u2019assassinat de Fouad Chokor, dit Hajj Mohsen, il s\u2019abstient pour le moment de tout commentaire sur la frappe \u00e0 T\u00e9h\u00e9ran. Une mani\u00e8re d\u2019utiliser le concept de \u00ab d\u00e9ni plausible \u00bb si cher \u00e0 l\u2019Iran dans le but d\u2019\u00e9viter une guerre totale ?<\/p>\n<p>https:\/\/www.lorientlejour.com\/article\/1422163\/que-signifie-lassassinat-dismail-haniye-a-teheran-.html<\/p>\n<\/div>\n","protected":false},"excerpt":{"rendered":"<p>Le chef politique du Hamas a \u00e9t\u00e9 tu\u00e9 en pleine capitale iranienne, quelques heures apr\u00e8s l\u2019assassinat de Fouad Chokor dans la banlieue sud de Beyrouth. Les circonstances restent floues mais c\u2019est officiel. Les m\u00e9dias iraniens l\u2019ont annonc\u00e9 peu avant 6h du matin, et le Hamas l\u2019a rapidement confirm\u00e9. Le chef de la branche politique du &hellip;<\/p>\n","protected":false},"author":2,"featured_media":10430,"comment_status":"open","ping_status":"open","sticky":false,"template":"","format":"standard","meta":{"footnotes":""},"categories":[18,29],"tags":[],"class_list":["post-10429","post","type-post","status-publish","format-standard","has-post-thumbnail","hentry","category-actualites","category-monde"],"_links":{"self":[{"href":"https:\/\/ladepeche.mr\/index.php?rest_route=\/wp\/v2\/posts\/10429","targetHints":{"allow":["GET"]}}],"collection":[{"href":"https:\/\/ladepeche.mr\/index.php?rest_route=\/wp\/v2\/posts"}],"about":[{"href":"https:\/\/ladepeche.mr\/index.php?rest_route=\/wp\/v2\/types\/post"}],"author":[{"embeddable":true,"href":"https:\/\/ladepeche.mr\/index.php?rest_route=\/wp\/v2\/users\/2"}],"replies":[{"embeddable":true,"href":"https:\/\/ladepeche.mr\/index.php?rest_route=%2Fwp%2Fv2%2Fcomments&post=10429"}],"version-history":[{"count":1,"href":"https:\/\/ladepeche.mr\/index.php?rest_route=\/wp\/v2\/posts\/10429\/revisions"}],"predecessor-version":[{"id":10431,"href":"https:\/\/ladepeche.mr\/index.php?rest_route=\/wp\/v2\/posts\/10429\/revisions\/10431"}],"wp:featuredmedia":[{"embeddable":true,"href":"https:\/\/ladepeche.mr\/index.php?rest_route=\/wp\/v2\/media\/10430"}],"wp:attachment":[{"href":"https:\/\/ladepeche.mr\/index.php?rest_route=%2Fwp%2Fv2%2Fmedia&parent=10429"}],"wp:term":[{"taxonomy":"category","embeddable":true,"href":"https:\/\/ladepeche.mr\/index.php?rest_route=%2Fwp%2Fv2%2Fcategories&post=10429"},{"taxonomy":"post_tag","embeddable":true,"href":"https:\/\/ladepeche.mr\/index.php?rest_route=%2Fwp%2Fv2%2Ftags&post=10429"}],"curies":[{"name":"wp","href":"https:\/\/api.w.org\/{rel}","templated":true}]}}