{"id":1043,"date":"2022-07-14T14:02:48","date_gmt":"2022-07-14T14:02:48","guid":{"rendered":"http:\/\/ladepeche.mr\/?p=1043"},"modified":"2022-07-14T14:02:48","modified_gmt":"2022-07-14T14:02:48","slug":"le-president-mauritanien-salue-les-efforts-deployes-par-les-autorites-saoudiennes-pour-le-confort-des-pelerins","status":"publish","type":"post","link":"https:\/\/ladepeche.mr\/?p=1043","title":{"rendered":"Le pr\u00e9sident mauritanien salue les efforts d\u00e9ploy\u00e9s par les autorit\u00e9s saoudiennes pour le confort des p\u00e8lerins"},"content":{"rendered":"<p>Le pr\u00e9sident mauritanien Mohamed O. Cheikh Ghazouani a salu\u00e9 le niveau de d\u00e9veloppement des infrastructures d\u2019accueil et des services dispens\u00e9s aux p\u00e8lerins ces derni\u00e8res ann\u00e9es par les autorit\u00e9s saoudiennes.<\/p>\n<p>Le pr\u00e9sident mauritanien qui s\u2019exprimait lors d\u2019une rencontre avec la mission officielle du p\u00e8lerinage, a dit que les dispositions prises par les autorit\u00e9s saoudiennes ont permis de mettre fin aux incidents qui accompagnaient le d\u00e9roulement du p\u00e8lerinage.<\/p>\n<p>Ould Ghazouani a remerci\u00e9 les autorit\u00e9s saoudiennes pour l\u2019attention particuli\u00e8re port\u00e9e aux p\u00e8lerins mauritaniens et les mauritaniens r\u00e9sidents dans le royaume \u00ab\u00a0ce qui traduit les relations fraternelles historiques entre les deux pays fr\u00e8res\u00a0\u00bb.<\/p>\n<p>Au cours de cette r\u00e9union le pr\u00e9sident mauritanien a suivi un compte rendu sur les conditions dans lesquels les p\u00e8lerins mauritaniens ont effectu\u00e9 leur devoir religieux cette ann\u00e9e et \u00e9cout\u00e9<\/p>\n<p>les interventions des repr\u00e9sentants des p\u00e8lerins qui ont assist\u00e9 \u00e0 l\u2019entrevue et leurs observations \u00e0 propos des services rendus par les autorit\u00e9s concern\u00e9es.<\/p>\n<p>Ceux-ci ont salu\u00e9 les am\u00e9liorations apport\u00e9es au niveau du logement et les services consentis par le gouvernement et soulign\u00e9 quelques insuffisances qui m\u00e9ritent d\u2019\u00eatre corrig\u00e9es.<\/p>\n<p>Le pr\u00e9sident mauritanien a engag\u00e9 les responsables de la mission du p\u00e8lerinage \u00e0 d\u00e9ployer davantage d\u2019efforts afin d\u2019am\u00e9liorer constamment les services dispens\u00e9s par ses soins et \u00e0 \u0153uvrer \u00e0 en faire autant aupr\u00e8s des autorit\u00e9s saoudiennes.<\/p>\n<p>Cette r\u00e9union s\u2019est d\u00e9roul\u00e9e en pr\u00e9sence du directeur de cabinet du pr\u00e9sident de la r\u00e9publique, Ismael O. Cheikh Ahmed, le ministre des affaires islamiques et de l\u2019enseignement originel, Dah O. Amar Taleb, le conseiller \u00e0 la pr\u00e9sidence de la r\u00e9publique Ahmed O. Ne\u00efni, le consul g\u00e9n\u00e9ral de la Mauritanie en Arabie Saoudite, Mohamed O. Babana, le secr\u00e9taire g\u00e9n\u00e9ral du minist\u00e8re de la justice, Mohamed O. Ahmed A\u00efda, l\u2019ancien ministre Saloum Kamara et le g\u00e9n\u00e9ral en retraite Mohamed O. Meguett.<\/p>\n","protected":false},"excerpt":{"rendered":"<p>Le pr\u00e9sident mauritanien Mohamed O. Cheikh Ghazouani a salu\u00e9 le niveau de d\u00e9veloppement des infrastructures d\u2019accueil et des services dispens\u00e9s aux p\u00e8lerins ces derni\u00e8res ann\u00e9es par les autorit\u00e9s saoudiennes. Le pr\u00e9sident mauritanien qui s\u2019exprimait lors d\u2019une rencontre avec la mission officielle du p\u00e8lerinage, a dit que les dispositions prises par les autorit\u00e9s saoudiennes ont permis &hellip;<\/p>\n","protected":false},"author":1,"featured_media":1044,"comment_status":"open","ping_status":"open","sticky":false,"template":"","format":"standard","meta":{"footnotes":""},"categories":[18],"tags":[],"class_list":["post-1043","post","type-post","status-publish","format-standard","has-post-thumbnail","hentry","category-actualites"],"_links":{"self":[{"href":"https:\/\/ladepeche.mr\/index.php?rest_route=\/wp\/v2\/posts\/1043","targetHints":{"allow":["GET"]}}],"collection":[{"href":"https:\/\/ladepeche.mr\/index.php?rest_route=\/wp\/v2\/posts"}],"about":[{"href":"https:\/\/ladepeche.mr\/index.php?rest_route=\/wp\/v2\/types\/post"}],"author":[{"embeddable":true,"href":"https:\/\/ladepeche.mr\/index.php?rest_route=\/wp\/v2\/users\/1"}],"replies":[{"embeddable":true,"href":"https:\/\/ladepeche.mr\/index.php?rest_route=%2Fwp%2Fv2%2Fcomments&post=1043"}],"version-history":[{"count":1,"href":"https:\/\/ladepeche.mr\/index.php?rest_route=\/wp\/v2\/posts\/1043\/revisions"}],"predecessor-version":[{"id":1045,"href":"https:\/\/ladepeche.mr\/index.php?rest_route=\/wp\/v2\/posts\/1043\/revisions\/1045"}],"wp:featuredmedia":[{"embeddable":true,"href":"https:\/\/ladepeche.mr\/index.php?rest_route=\/wp\/v2\/media\/1044"}],"wp:attachment":[{"href":"https:\/\/ladepeche.mr\/index.php?rest_route=%2Fwp%2Fv2%2Fmedia&parent=1043"}],"wp:term":[{"taxonomy":"category","embeddable":true,"href":"https:\/\/ladepeche.mr\/index.php?rest_route=%2Fwp%2Fv2%2Fcategories&post=1043"},{"taxonomy":"post_tag","embeddable":true,"href":"https:\/\/ladepeche.mr\/index.php?rest_route=%2Fwp%2Fv2%2Ftags&post=1043"}],"curies":[{"name":"wp","href":"https:\/\/api.w.org\/{rel}","templated":true}]}}