{"id":10458,"date":"2024-08-01T11:33:08","date_gmt":"2024-08-01T11:33:08","guid":{"rendered":"https:\/\/ladepeche.mr\/?p=10458"},"modified":"2024-08-01T11:33:08","modified_gmt":"2024-08-01T11:33:08","slug":"bac-2024-augmentation-du-taux-de-reussite-en-session-normale-de-pres-dun-tiers-par-rapport-a-2023","status":"publish","type":"post","link":"https:\/\/ladepeche.mr\/?p=10458","title":{"rendered":"Bac 2024 : augmentation du taux de r\u00e9ussite en session normale de pr\u00e8s d&#8217;un tiers par rapport \u00e0 2023"},"content":{"rendered":"<p>Le Gouvernement a salu\u00e9 une hausse notable du taux de r\u00e9ussite des examens nationaux 2024, surtout pour le baccalaur\u00e9at.<\/p>\n<p>Ce taux de r\u00e9ussite en session normale 2024 est de 23% contre 15% en 2023, a affirm\u00e9 le ministre de l&#8217;Education nationale et de la R\u00e9forme du syst\u00e8me \u00e9ducatif El Mokhtar Ould Dahi.<\/p>\n<p>A cela s\u2019ajoute les 16% admis en session compl\u00e9mentaire contre 12% en 2023.<\/p>\n<p>Il est attendu qu\u2019au terme de la session compl\u00e9mentaire, que ce taux passe \u00e0 37%, a estim\u00e9 le ministre citant des pr\u00e9visions.<\/p>\n<p>Ces r\u00e9sultats louables sont le fruit des efforts fournis par les acteurs de l\u2019\u00e9ducation nationale dont les professeurs en premi\u00e8re ligne, a affirm\u00e9 Ould Dahi.<\/p>\n<p>infosplus via cridem<\/p>\n","protected":false},"excerpt":{"rendered":"<p>Le Gouvernement a salu\u00e9 une hausse notable du taux de r\u00e9ussite des examens nationaux 2024, surtout pour le baccalaur\u00e9at. Ce taux de r\u00e9ussite en session normale 2024 est de 23% contre 15% en 2023, a affirm\u00e9 le ministre de l&#8217;Education nationale et de la R\u00e9forme du syst\u00e8me \u00e9ducatif El Mokhtar Ould Dahi. A cela s\u2019ajoute &hellip;<\/p>\n","protected":false},"author":2,"featured_media":10459,"comment_status":"open","ping_status":"open","sticky":false,"template":"","format":"standard","meta":{"footnotes":""},"categories":[15],"tags":[],"class_list":["post-10458","post","type-post","status-publish","format-standard","has-post-thumbnail","hentry","category-culture"],"_links":{"self":[{"href":"https:\/\/ladepeche.mr\/index.php?rest_route=\/wp\/v2\/posts\/10458","targetHints":{"allow":["GET"]}}],"collection":[{"href":"https:\/\/ladepeche.mr\/index.php?rest_route=\/wp\/v2\/posts"}],"about":[{"href":"https:\/\/ladepeche.mr\/index.php?rest_route=\/wp\/v2\/types\/post"}],"author":[{"embeddable":true,"href":"https:\/\/ladepeche.mr\/index.php?rest_route=\/wp\/v2\/users\/2"}],"replies":[{"embeddable":true,"href":"https:\/\/ladepeche.mr\/index.php?rest_route=%2Fwp%2Fv2%2Fcomments&post=10458"}],"version-history":[{"count":1,"href":"https:\/\/ladepeche.mr\/index.php?rest_route=\/wp\/v2\/posts\/10458\/revisions"}],"predecessor-version":[{"id":10460,"href":"https:\/\/ladepeche.mr\/index.php?rest_route=\/wp\/v2\/posts\/10458\/revisions\/10460"}],"wp:featuredmedia":[{"embeddable":true,"href":"https:\/\/ladepeche.mr\/index.php?rest_route=\/wp\/v2\/media\/10459"}],"wp:attachment":[{"href":"https:\/\/ladepeche.mr\/index.php?rest_route=%2Fwp%2Fv2%2Fmedia&parent=10458"}],"wp:term":[{"taxonomy":"category","embeddable":true,"href":"https:\/\/ladepeche.mr\/index.php?rest_route=%2Fwp%2Fv2%2Fcategories&post=10458"},{"taxonomy":"post_tag","embeddable":true,"href":"https:\/\/ladepeche.mr\/index.php?rest_route=%2Fwp%2Fv2%2Ftags&post=10458"}],"curies":[{"name":"wp","href":"https:\/\/api.w.org\/{rel}","templated":true}]}}