{"id":10470,"date":"2024-08-02T22:16:24","date_gmt":"2024-08-02T22:16:24","guid":{"rendered":"https:\/\/ladepeche.mr\/?p=10470"},"modified":"2024-08-02T22:16:24","modified_gmt":"2024-08-02T22:16:24","slug":"mohamed-ould-bilal-apres-sa-demission-je-souhaite-a-la-prochaine-equipe-gouvernementale-beaucoup-de-succes","status":"publish","type":"post","link":"https:\/\/ladepeche.mr\/?p=10470","title":{"rendered":"Mohamed Ould Bilal apr\u00e8s sa d\u00e9mission : &#8220;Je souhaite \u00e0 la prochaine \u00e9quipe gouvernementale beaucoup de succ\u00e8s&#8221;"},"content":{"rendered":"<p style=\"text-align: left;\">MI &#8211; Le Premier ministre, M. Mohamed Ould Bilal Massoud, a pr\u00e9sent\u00e9, vendredi soir, la d\u00e9mission de son gouvernement au Pr\u00e9sident de la R\u00e9publique, M. Mohamed Ould Cheikh El Ghazouani, \u00e0 l\u2019issue d\u2019un entretien au Palais pr\u00e9sidentiel.<\/p>\n<p>Apr\u00e8s avoir pr\u00e9sent\u00e9 sa d\u00e9mission \u00e0 Son Excellence, le Premier ministre a fait la d\u00e9claration suivante :<\/p>\n<p>\u201cAu nom d\u2019Allah le Cl\u00e9ment et Mis\u00e9ricordieux.<\/p>\n<p>J\u2019ai eu l\u2019honneur d\u2019\u00eatre re\u00e7u par Son Excellence le Pr\u00e9sident de la R\u00e9publique, Monsieur Mohamed Ould Cheikh El Ghazwani, auquel j\u2019ai pr\u00e9sent\u00e9 la d\u00e9mission du gouvernement.<\/p>\n<p>Je remercie Son Excellence pour la confiance qu\u2019il m\u2019a accord\u00e9e durant ces quatre ann\u00e9es, et je remercie les ministres, les charg\u00e9s de mission, les conseillers du Cabinet, et tous les administrateurs avec lesquels j\u2019ai eu l\u2019honneur de conduire la politique du gouvernement durant ces ann\u00e9es.<\/p>\n<p>Enfin, je souhaite \u00e0 la prochaine \u00e9quipe gouvernementale, si Allah le veut, beaucoup de succ\u00e8s.<\/p>\n<p>Que la paix, la mis\u00e9ricorde et les b\u00e9n\u00e9dictions d\u2019Allah soient sur vous\u201d.<\/p>\n<p>Ami<\/p>\n","protected":false},"excerpt":{"rendered":"<p>MI &#8211; Le Premier ministre, M. Mohamed Ould Bilal Massoud, a pr\u00e9sent\u00e9, vendredi soir, la d\u00e9mission de son gouvernement au Pr\u00e9sident de la R\u00e9publique, M. Mohamed Ould Cheikh El Ghazouani, \u00e0 l\u2019issue d\u2019un entretien au Palais pr\u00e9sidentiel. Apr\u00e8s avoir pr\u00e9sent\u00e9 sa d\u00e9mission \u00e0 Son Excellence, le Premier ministre a fait la d\u00e9claration suivante : \u201cAu &hellip;<\/p>\n","protected":false},"author":2,"featured_media":10471,"comment_status":"open","ping_status":"open","sticky":false,"template":"","format":"standard","meta":{"footnotes":""},"categories":[18,31],"tags":[],"class_list":["post-10470","post","type-post","status-publish","format-standard","has-post-thumbnail","hentry","category-actualites","category-politique-et-reportages"],"_links":{"self":[{"href":"https:\/\/ladepeche.mr\/index.php?rest_route=\/wp\/v2\/posts\/10470","targetHints":{"allow":["GET"]}}],"collection":[{"href":"https:\/\/ladepeche.mr\/index.php?rest_route=\/wp\/v2\/posts"}],"about":[{"href":"https:\/\/ladepeche.mr\/index.php?rest_route=\/wp\/v2\/types\/post"}],"author":[{"embeddable":true,"href":"https:\/\/ladepeche.mr\/index.php?rest_route=\/wp\/v2\/users\/2"}],"replies":[{"embeddable":true,"href":"https:\/\/ladepeche.mr\/index.php?rest_route=%2Fwp%2Fv2%2Fcomments&post=10470"}],"version-history":[{"count":1,"href":"https:\/\/ladepeche.mr\/index.php?rest_route=\/wp\/v2\/posts\/10470\/revisions"}],"predecessor-version":[{"id":10472,"href":"https:\/\/ladepeche.mr\/index.php?rest_route=\/wp\/v2\/posts\/10470\/revisions\/10472"}],"wp:featuredmedia":[{"embeddable":true,"href":"https:\/\/ladepeche.mr\/index.php?rest_route=\/wp\/v2\/media\/10471"}],"wp:attachment":[{"href":"https:\/\/ladepeche.mr\/index.php?rest_route=%2Fwp%2Fv2%2Fmedia&parent=10470"}],"wp:term":[{"taxonomy":"category","embeddable":true,"href":"https:\/\/ladepeche.mr\/index.php?rest_route=%2Fwp%2Fv2%2Fcategories&post=10470"},{"taxonomy":"post_tag","embeddable":true,"href":"https:\/\/ladepeche.mr\/index.php?rest_route=%2Fwp%2Fv2%2Ftags&post=10470"}],"curies":[{"name":"wp","href":"https:\/\/api.w.org\/{rel}","templated":true}]}}