{"id":10511,"date":"2024-08-11T11:41:27","date_gmt":"2024-08-11T11:41:27","guid":{"rendered":"https:\/\/ladepeche.mr\/?p=10511"},"modified":"2024-08-11T11:41:27","modified_gmt":"2024-08-11T11:41:27","slug":"la-mauritanie-condamne-avec-force-lattaque-qui-a-vise-lecole-tabiine-a-lest-de-la-ville-de-gaza","status":"publish","type":"post","link":"https:\/\/ladepeche.mr\/?p=10511","title":{"rendered":"La Mauritanie condamne avec force l\u2019attaque qui a vis\u00e9 l\u2019\u00e9cole \u201cTabiine\u201d \u00e0 l\u2019Est de la ville de Gaza"},"content":{"rendered":"<article id=\"post-251767\" class=\"post-251767 post type-post status-publish format-standard has-post-thumbnail  category-a-la-une category-choix-du-redacteur category-fil-dactualite category-mauritanie category-slider-mauritanie single-post-content has-thumbnail\">\n<div class=\"entry-content clearfix single-post-content\">\n<p>La R\u00e9publique Islamique de Mauritanie a exprim\u00e9 sa forte condamnation de l\u2019attaque horrible qui a vis\u00e9 l\u2019\u00e9cole \u201cTabiine\u201d dans le quartier Dourj \u00e0 l\u2019Est de la ville de Gaza et qui a co\u00fbt\u00e9 la vie \u00e0 plus de 100 citoyens palestiniens d\u00e9sarm\u00e9s, entre martyrs et bless\u00e9s.<\/p>\n<p>C\u2019est ce qu\u2019indique un communiqu\u00e9 du minist\u00e8re des Affaires \u00e9trang\u00e8res, de la coop\u00e9ration africaine et des mauritaniens de l\u2019ext\u00e9rieur, samedi, dont une copie est parvenue \u00e0 l\u2019AMI.<\/p>\n<p>Voici le texte int\u00e9gral de ce communiqu\u00e9:<\/p>\n<p>\u201d Le minist\u00e8re des Affaires \u00e9trang\u00e8res, de la Coop\u00e9ration africaine et des Mauritaniens de l\u2019ext\u00e9rieur exprime sa forte condamnation de l\u2019horrible attaque qui a vis\u00e9 , samedi \u00e0 l\u2019aube, l\u2019\u00e9cole \u201cTabiine\u201d dans le quartier Dourj \u00e0 l\u2019Est de la ville de Gaza et qui a conduit \u00e0 la mort ou \u00e0 la blessure de plus de 100 citoyens palestiniens d\u00e9sarm\u00e9s entre martyrs et bless\u00e9s.<\/p>\n<p>En affirmant que cette nouvelle attaque barbare constitue une violation flagrante des dispositions du Droit international et du Droit international humanitaire, le gouvernement mauritanien appelle la communaut\u00e9 internationale \u00e0 assumer ses responsabilit\u00e9s compl\u00e8tes et \u00e0 prendre les mesures imm\u00e9diates et cruciales pour arr\u00eater le processus d\u2019extermination collective qui se poursuit contre le peuple palestinien d\u00e9sarm\u00e9 depuis plus de 10 mois. Il appelle, en outre, \u00e0 assurer une protection internationale pour les palestiniens\u201d.<\/p>\n<div class=\"heateorSssClear\"><\/div>\n<div class=\"heateor_sss_sharing_container heateor_sss_horizontal_sharing\" data-heateor-sss-href=\"https:\/\/ami.mr\/fr\/archives\/251767\">\n<div class=\"heateor_sss_sharing_title\"><\/div>\n<div class=\"heateor_sss_sharing_ul\"><\/div>\n<div class=\"heateorSssClear\"><\/div>\n<\/div>\n<div class=\"heateorSssClear\"><\/div>\n<\/div>\n<\/article>\n<section class=\"next-prev-post clearfix\">\n<div class=\"prev-post\">\n<p class=\"pre-title heading-typo\">\n<\/div>\n<\/section>\n","protected":false},"excerpt":{"rendered":"<p>La R\u00e9publique Islamique de Mauritanie a exprim\u00e9 sa forte condamnation de l\u2019attaque horrible qui a vis\u00e9 l\u2019\u00e9cole \u201cTabiine\u201d dans le quartier Dourj \u00e0 l\u2019Est de la ville de Gaza et qui a co\u00fbt\u00e9 la vie \u00e0 plus de 100 citoyens palestiniens d\u00e9sarm\u00e9s, entre martyrs et bless\u00e9s. C\u2019est ce qu\u2019indique un communiqu\u00e9 du minist\u00e8re des Affaires &hellip;<\/p>\n","protected":false},"author":2,"featured_media":3629,"comment_status":"open","ping_status":"open","sticky":false,"template":"","format":"standard","meta":{"footnotes":""},"categories":[18],"tags":[],"class_list":["post-10511","post","type-post","status-publish","format-standard","has-post-thumbnail","hentry","category-actualites"],"_links":{"self":[{"href":"https:\/\/ladepeche.mr\/index.php?rest_route=\/wp\/v2\/posts\/10511","targetHints":{"allow":["GET"]}}],"collection":[{"href":"https:\/\/ladepeche.mr\/index.php?rest_route=\/wp\/v2\/posts"}],"about":[{"href":"https:\/\/ladepeche.mr\/index.php?rest_route=\/wp\/v2\/types\/post"}],"author":[{"embeddable":true,"href":"https:\/\/ladepeche.mr\/index.php?rest_route=\/wp\/v2\/users\/2"}],"replies":[{"embeddable":true,"href":"https:\/\/ladepeche.mr\/index.php?rest_route=%2Fwp%2Fv2%2Fcomments&post=10511"}],"version-history":[{"count":1,"href":"https:\/\/ladepeche.mr\/index.php?rest_route=\/wp\/v2\/posts\/10511\/revisions"}],"predecessor-version":[{"id":10512,"href":"https:\/\/ladepeche.mr\/index.php?rest_route=\/wp\/v2\/posts\/10511\/revisions\/10512"}],"wp:featuredmedia":[{"embeddable":true,"href":"https:\/\/ladepeche.mr\/index.php?rest_route=\/wp\/v2\/media\/3629"}],"wp:attachment":[{"href":"https:\/\/ladepeche.mr\/index.php?rest_route=%2Fwp%2Fv2%2Fmedia&parent=10511"}],"wp:term":[{"taxonomy":"category","embeddable":true,"href":"https:\/\/ladepeche.mr\/index.php?rest_route=%2Fwp%2Fv2%2Fcategories&post=10511"},{"taxonomy":"post_tag","embeddable":true,"href":"https:\/\/ladepeche.mr\/index.php?rest_route=%2Fwp%2Fv2%2Ftags&post=10511"}],"curies":[{"name":"wp","href":"https:\/\/api.w.org\/{rel}","templated":true}]}}