{"id":10516,"date":"2024-08-11T11:56:14","date_gmt":"2024-08-11T11:56:14","guid":{"rendered":"https:\/\/ladepeche.mr\/?p=10516"},"modified":"2024-08-11T11:56:14","modified_gmt":"2024-08-11T11:56:14","slug":"le-pm-rend-visite-au-president-du-rfd-communique","status":"publish","type":"post","link":"https:\/\/ladepeche.mr\/?p=10516","title":{"rendered":"Le PM rend visite au pr\u00e9sident du RFD (Communiqu\u00e9)"},"content":{"rendered":"<ol>\n<li>Ahmed Ould Daddah, pr\u00e9sident du Rassemblement des Forces D\u00e9mocratiques (RFD), a re\u00e7u ce soir, \u00e0 son domicile, Son Excellence le Premier Ministre, M. Moctar Ould Diaye.\n<p>Ont pris part \u00e0 cette rencontre MM. Brahim Ould Boihy, Conseiller Politique du Pr\u00e9sident du parti et Limam Ahmed Ould Mohamedou, Secr\u00e9taire Permanent du Parti.<\/p>\n<p>La rencontre s\u2019est d\u00e9roul\u00e9e dans une atmosph\u00e8re amicale et franche. SEM le Premier ministre a transmis au Pr\u00e9sident Ahmed Ould Daddah et, \u00e0 travers lui, au RFD les salutations et la consid\u00e9ration de Son Excellence le Pr\u00e9sident de la R\u00e9publique.<\/p>\n<p>Les deux parties ont soulign\u00e9 la n\u00e9cessit\u00e9 d&#8217;intensifier les rencontres entre elles, dans l\u2019int\u00e9r\u00eat du pays.<\/p>\n<p>En conclusion, le Pr\u00e9sident Ahmed Ould Daddah a exprim\u00e9 l&#8217;appr\u00e9ciation du parti pour cette visite, notamment sa signification politique qui appelle \u00e0 l&#8217;optimisme quant \u00e0 la poursuite de l&#8217;atmosph\u00e8re d&#8217;ouverture et d\u2019apaisement entre les acteurs politiques.<\/p>\n<p>Nouakchott, 5 Safar 1446 &#8211; 9 ao\u00fbt 2024<\/p>\n<p>Direction de la Communication du RFD<\/li>\n<\/ol>\n","protected":false},"excerpt":{"rendered":"<p>Ahmed Ould Daddah, pr\u00e9sident du Rassemblement des Forces D\u00e9mocratiques (RFD), a re\u00e7u ce soir, \u00e0 son domicile, Son Excellence le Premier Ministre, M. Moctar Ould Diaye. Ont pris part \u00e0 cette rencontre MM. Brahim Ould Boihy, Conseiller Politique du Pr\u00e9sident du parti et Limam Ahmed Ould Mohamedou, Secr\u00e9taire Permanent du Parti. La rencontre s\u2019est d\u00e9roul\u00e9e &hellip;<\/p>\n","protected":false},"author":2,"featured_media":10517,"comment_status":"open","ping_status":"open","sticky":false,"template":"","format":"standard","meta":{"footnotes":""},"categories":[18,31],"tags":[],"class_list":["post-10516","post","type-post","status-publish","format-standard","has-post-thumbnail","hentry","category-actualites","category-politique-et-reportages"],"_links":{"self":[{"href":"https:\/\/ladepeche.mr\/index.php?rest_route=\/wp\/v2\/posts\/10516","targetHints":{"allow":["GET"]}}],"collection":[{"href":"https:\/\/ladepeche.mr\/index.php?rest_route=\/wp\/v2\/posts"}],"about":[{"href":"https:\/\/ladepeche.mr\/index.php?rest_route=\/wp\/v2\/types\/post"}],"author":[{"embeddable":true,"href":"https:\/\/ladepeche.mr\/index.php?rest_route=\/wp\/v2\/users\/2"}],"replies":[{"embeddable":true,"href":"https:\/\/ladepeche.mr\/index.php?rest_route=%2Fwp%2Fv2%2Fcomments&post=10516"}],"version-history":[{"count":1,"href":"https:\/\/ladepeche.mr\/index.php?rest_route=\/wp\/v2\/posts\/10516\/revisions"}],"predecessor-version":[{"id":10518,"href":"https:\/\/ladepeche.mr\/index.php?rest_route=\/wp\/v2\/posts\/10516\/revisions\/10518"}],"wp:featuredmedia":[{"embeddable":true,"href":"https:\/\/ladepeche.mr\/index.php?rest_route=\/wp\/v2\/media\/10517"}],"wp:attachment":[{"href":"https:\/\/ladepeche.mr\/index.php?rest_route=%2Fwp%2Fv2%2Fmedia&parent=10516"}],"wp:term":[{"taxonomy":"category","embeddable":true,"href":"https:\/\/ladepeche.mr\/index.php?rest_route=%2Fwp%2Fv2%2Fcategories&post=10516"},{"taxonomy":"post_tag","embeddable":true,"href":"https:\/\/ladepeche.mr\/index.php?rest_route=%2Fwp%2Fv2%2Ftags&post=10516"}],"curies":[{"name":"wp","href":"https:\/\/api.w.org\/{rel}","templated":true}]}}