{"id":10576,"date":"2024-08-12T20:50:49","date_gmt":"2024-08-12T20:50:49","guid":{"rendered":"https:\/\/ladepeche.mr\/?p=10576"},"modified":"2024-08-12T20:50:49","modified_gmt":"2024-08-12T20:50:49","slug":"declarations-de-patrimoines-des-membres-du-gouvernement-charite-bien-ordonnee","status":"publish","type":"post","link":"https:\/\/ladepeche.mr\/?p=10576","title":{"rendered":"D\u00e9clarations de patrimoines des membres du gouvernement: Charit\u00e9 bien ordonn\u00e9e.. !"},"content":{"rendered":"<p>Pour donner le bon exemple et montrer patte blanche, plusieurs membres du nouveau gouvernement, avec \u00e0 leur t\u00eate, le premier Ministre Mokhtar Ould Djaye, ont proc\u00e9d\u00e9 lundi \u00e0 la d\u00e9claration de leurs patrimoines devant la commission nationale de transparence financi\u00e8re de la vie publique.<\/p>\n<p>Les d\u00e9clarations de patrimoines des premiers responsables ont \u00e9t\u00e9 remises \u00e0 Moustapha Ould Sid\u2019Emmou, secr\u00e9taire de la Commission, en pr\u00e9sence de Cheikh Ahmed Ould Sid\u2019Ahmed, Pr\u00e9sident de la Cour Supr\u00eame et Pr\u00e9sident de la Commission pour la Transparence Financi\u00e8re de la Vie Publique.<\/p>\n<p>Une loi (n\u00b0 2007\/54 du 18 septembre 2007) institu\u00e9e en 2007, oblige le pr\u00e9sident de la R\u00e9publique, le premier Ministre, les membres du gouvernement, les hauts fonctionnaires et la Haute hi\u00e9rarchie militaire \u00e0 d\u00e9clarer leurs patrimoines \u00e0 ladite Commission. Cette d\u00e9claration est extensible \u00e0 celle de leurs ayant-droits (conjoints et enfants). M\u00eame si elle n\u2019a pas toujours \u00e9t\u00e9 suivie d\u2019effet depuis cette date, le principe en lui-m\u00eame est salu\u00e9 par les organisations int\u00e9ress\u00e9es par la transparence de la gestion des deniers publics. L&#8217;autre tare soulev\u00e9e sur cette proc\u00e9dure est le secret qui entoure le patrimoine d\u00e9clar\u00e9. Il n&#8217;est jamais divulgu\u00e9 pour permettre des comparaisons \u00e0 l&#8217;arriv\u00e9e et \u00e0 la sortie des ministres du gouvernement.<\/p>\n<p>Parmi les personnalit\u00e9s qui ont fait cette d\u00e9claration obligatoire en pr\u00e9lude \u00e0 l\u2019exercice de leurs fonctions, on peut \u00e9galement citer, le ministre charg\u00e9 du secr\u00e9tariat g\u00e9n\u00e9ral du gouvernement\u00a0 Mokhtar El Housseinou Lam, le ministre des P\u00eaches, des Infrastructures Maritimes et Portuaires El Vadhil Ould Sidati, le ministre de l\u2019Agriculture et de la Souverainet\u00e9 Alimentaire Emmema Beibata, le ministre de l\u2019Elevage Mokhtar Gaguih, le ministre de la Culture, des Arts, de la Communication et des Relations avec le Parlement Housseine Ould Meddou et la ministre de l\u2019Enfance et de la Famille Mme Saviya N\u2019tahah..<\/p>\n<p>Les autres membres du gouvernements et les personnalit\u00e9s indiqu\u00e9es devraient normalement d\u00e9filer devant la commission pour s\u2019acquitter de cette obligation l\u00e9gale.<\/p>\n<p>&nbsp;<\/p>\n","protected":false},"excerpt":{"rendered":"<p>Pour donner le bon exemple et montrer patte blanche, plusieurs membres du nouveau gouvernement, avec \u00e0 leur t\u00eate, le premier Ministre Mokhtar Ould Djaye, ont proc\u00e9d\u00e9 lundi \u00e0 la d\u00e9claration de leurs patrimoines devant la commission nationale de transparence financi\u00e8re de la vie publique. Les d\u00e9clarations de patrimoines des premiers responsables ont \u00e9t\u00e9 remises \u00e0 &hellip;<\/p>\n","protected":false},"author":2,"featured_media":10577,"comment_status":"open","ping_status":"open","sticky":false,"template":"","format":"standard","meta":{"footnotes":""},"categories":[18,2],"tags":[],"class_list":["post-10576","post","type-post","status-publish","format-standard","has-post-thumbnail","hentry","category-actualites","category-economie"],"_links":{"self":[{"href":"https:\/\/ladepeche.mr\/index.php?rest_route=\/wp\/v2\/posts\/10576","targetHints":{"allow":["GET"]}}],"collection":[{"href":"https:\/\/ladepeche.mr\/index.php?rest_route=\/wp\/v2\/posts"}],"about":[{"href":"https:\/\/ladepeche.mr\/index.php?rest_route=\/wp\/v2\/types\/post"}],"author":[{"embeddable":true,"href":"https:\/\/ladepeche.mr\/index.php?rest_route=\/wp\/v2\/users\/2"}],"replies":[{"embeddable":true,"href":"https:\/\/ladepeche.mr\/index.php?rest_route=%2Fwp%2Fv2%2Fcomments&post=10576"}],"version-history":[{"count":1,"href":"https:\/\/ladepeche.mr\/index.php?rest_route=\/wp\/v2\/posts\/10576\/revisions"}],"predecessor-version":[{"id":10578,"href":"https:\/\/ladepeche.mr\/index.php?rest_route=\/wp\/v2\/posts\/10576\/revisions\/10578"}],"wp:featuredmedia":[{"embeddable":true,"href":"https:\/\/ladepeche.mr\/index.php?rest_route=\/wp\/v2\/media\/10577"}],"wp:attachment":[{"href":"https:\/\/ladepeche.mr\/index.php?rest_route=%2Fwp%2Fv2%2Fmedia&parent=10576"}],"wp:term":[{"taxonomy":"category","embeddable":true,"href":"https:\/\/ladepeche.mr\/index.php?rest_route=%2Fwp%2Fv2%2Fcategories&post=10576"},{"taxonomy":"post_tag","embeddable":true,"href":"https:\/\/ladepeche.mr\/index.php?rest_route=%2Fwp%2Fv2%2Ftags&post=10576"}],"curies":[{"name":"wp","href":"https:\/\/api.w.org\/{rel}","templated":true}]}}