{"id":10579,"date":"2024-08-12T22:20:55","date_gmt":"2024-08-12T22:20:55","guid":{"rendered":"https:\/\/ladepeche.mr\/?p=10579"},"modified":"2024-08-12T20:59:59","modified_gmt":"2024-08-12T20:59:59","slug":"le-ministre-de-leconomie-appelle-a-plus-de-rigueur-dans-la-lutte-contre-la-corruption","status":"publish","type":"post","link":"https:\/\/ladepeche.mr\/?p=10579","title":{"rendered":"Le ministre de l\u2019Economie appelle \u00e0 plus de rigueur dans la lutte contre la corruption"},"content":{"rendered":"<article id=\"post-251935\" class=\"post-251935 post type-post status-publish format-standard has-post-thumbnail  category-a-la-une category-fil-dactualite category-mauritanie category-slider-mauritanie single-post-content has-thumbnail\">\n<div class=\"entry-content clearfix single-post-content\">\n<p>Le ministre de l\u2019Economie et des Finances, M. Sid\u2019Ahmed Ould Bouh, en pr\u00e9sence du ministre d\u00e9l\u00e9gu\u00e9 aupr\u00e8s du ministre de l\u2019Economie et des Finances charg\u00e9 du budget, M. N\u2019guenor Codioro Haroune a tenu, lundi \u00e0 Nouakchott, une r\u00e9union avec le personnel de son cabinet, les directeurs g\u00e9n\u00e9raux du minist\u00e8re et les \u00e9tablissements relevant du d\u00e9partements.<\/p>\n<p>Au cours de cette r\u00e9union, le ministre a d\u00e9livr\u00e9 trois messages au personnel du d\u00e9partement de l\u2019\u00e9conomie et des finances, portant sur les directives de Son Excellence le Pr\u00e9sident de la R\u00e9publique Mohamed Ould Cheikh El Ghazouani et ses engagements envers le peuple mauritanien, ax\u00e9s sur l\u2019obtention de r\u00e9sultats r\u00e9els, urgents, tangibles dans la s\u00e9curisation des ressources publiques et la lutte contre la corruption sous toutes ses formes, en plus du redoublement d\u2019efforts en mati\u00e8re de rationalisation du travail \u00e0 travers le partage, le suivi, l\u2019encadrement et l\u2019exploitation du temps de travail officiel pour l\u2019accomplissement des t\u00e2ches que le gouvernement du Premier ministre M. Mokhtar Ould Diay s\u2019emploie \u00e0 mettre en \u0153uvre.<\/p>\n<p>Au cours de cette r\u00e9union, le ministre a appel\u00e9 les employ\u00e9s du d\u00e9partement \u00e0 se donner la main et \u00e0 d\u00e9ployer le maximum d\u2019efforts pour lutter contre la corruption, indiquant que ce ph\u00e9nom\u00e8ne existe dans la plupart des syst\u00e8mes administratifs du monde et que nous n\u2019y \u00e9chappons pas.<\/p>\n<p>Malheureusement, le d\u00e9partement de l\u2019\u00e9conomie et des finances, en fonction de ses missions, d\u00e9passe, selon les \u00e9valuations de la perception de la corruption, les d\u00e9partements et les fonctions les plus expos\u00e9es \u00e0 la corruption, ce qui double la responsabilit\u00e9 de chacun d\u2019entre nous dans ce qui nous concerne, en travaillant pour s\u00e9curiser et fortifier les ressources publiques qui devraient \u00eatre orient\u00e9es exclusivement vers le d\u00e9veloppement et les objectifs qui leur sont fix\u00e9s dans la loi de finances.<\/p>\n<p>Le ministre a soulign\u00e9 que ces comportements \u00e9taient mal vus et combattus au cours des cinq derni\u00e8res ann\u00e9es ajoutant que le message d\u2019aujourd\u2019hui consiste \u00e0 faire preuve de plus de rigueur face \u00e0 ce ph\u00e9nom\u00e8ne.<\/p>\n<p>Il a soulign\u00e9 que les m\u00e9tiers sont des choix et que ceux qui choisissent le m\u00e9tier de la fonction publique doivent se rendre compte qu\u2019ils n\u2019ont pas choisi la voie de la richesse, mais qu\u2019ils ont choisi le m\u00e9tier de servir le pays et de vivre dignement, indiquant que c\u2019est ce que chacun d\u2019entre nous doit incarner pour convaincre le peuple mauritanien et les interlocuteurs du d\u00e9partement.<\/p>\n<p>En ce qui concerne l\u2019ex\u00e9cution quotidienne et les plans d\u2019action, le ministre a indiqu\u00e9 que la d\u00e9l\u00e9gation de comp\u00e9tence est parfois requise par la nature du travail, mais cette d\u00e9l\u00e9gation n\u2019exclut pas le contr\u00f4le, l\u2019inspection, l\u2019\u00e9valuation et l\u2019encadrement, tout en respectant les r\u00e8glements et les lois.<\/p>\n<p>M. le ministre a rappel\u00e9 l\u2019importance de cette d\u00e9l\u00e9gation qui emp\u00eache la monopolisation de l\u2019information \u00e0 un niveau donn\u00e9, emp\u00eachant l\u2019implication des autres niveaux qui sont aussi en charge du travail, et cette r\u00e9partition des t\u00e2ches doit continuer dans les cas d\u2019urgence que tout individu peut vivre, ce qui peut perturber les int\u00e9r\u00eats des individus ou le d\u00e9roulement r\u00e9gulier du service public.<\/p>\n<p>Il a exig\u00e9 que la d\u00e9marche de performance soit une d\u00e9marche participative et professionnelle bas\u00e9e sur l\u2019utilisation optimale de toutes les ressources disponibles, en mettant l\u2019accent sur les m\u00e9canismes de suivi, d\u2019\u00e9valuation et d\u2019encadrement sur la base de la responsabilit\u00e9 de la gestion des ressources humaines et mat\u00e9rielles mises \u00e0 la disposition de l\u2019employ\u00e9.<\/p>\n<p>En ce qui concerne la pr\u00e9sence des employ\u00e9s \u00e0 leur bureau, le ministre a appel\u00e9 le premier fonctionnaire, quel que soit son poste, \u00e0 \u00eatre un mod\u00e8le de discipline et de respect des horaires de travail.<\/p>\n<p>Le ministre a conclu que les directives de Son Excellence le Pr\u00e9sident de la R\u00e9publique, M. Mohamed Ould Cheikh El Ghazouani, ne s\u2019arr\u00eatent pas \u00e0 la communication de ces messages, mais vont au-del\u00e0 de l\u2019obligation de veiller \u00e0 leur mise en \u0153uvre pour assurer des r\u00e9sultats tangibles et impulser le d\u00e9veloppement \u00e9conomique et social du pays.<\/p>\n<p>De son c\u00f4t\u00e9, le ministre d\u00e9l\u00e9gu\u00e9 charg\u00e9 du budget a soulign\u00e9 l\u2019importance des messages pr\u00e9sent\u00e9s par le ministre de l\u2019Economie et des Finances et la n\u00e9cessit\u00e9 de les concr\u00e9tiser, insistant sur l\u2019importance de la solidarit\u00e9 dans l\u2019action gouvernementale et la n\u00e9cessit\u00e9 de promouvoir l\u2019id\u00e9e de travail d\u2019\u00e9quipe, appelant \u00e0 d\u00e9passer la mentalit\u00e9 de monopolisation de l\u2019information et la n\u00e9cessit\u00e9 de respecter les horaires de travail, tout en soulignant l\u2019importance pour les organes de contr\u00f4le d\u2019accomplir pleinement leurs t\u00e2ches afin de lutter contre la corruption.<\/p>\n<p>La r\u00e9union s\u2019est d\u00e9roul\u00e9e en pr\u00e9sence des secr\u00e9taires g\u00e9n\u00e9raux du d\u00e9partement.<\/p>\n<div class=\"heateorSssClear\">Source: AMI<\/div>\n<\/div>\n<\/article>\n","protected":false},"excerpt":{"rendered":"<p>Le ministre de l\u2019Economie et des Finances, M. Sid\u2019Ahmed Ould Bouh, en pr\u00e9sence du ministre d\u00e9l\u00e9gu\u00e9 aupr\u00e8s du ministre de l\u2019Economie et des Finances charg\u00e9 du budget, M. N\u2019guenor Codioro Haroune a tenu, lundi \u00e0 Nouakchott, une r\u00e9union avec le personnel de son cabinet, les directeurs g\u00e9n\u00e9raux du minist\u00e8re et les \u00e9tablissements relevant du d\u00e9partements. &hellip;<\/p>\n","protected":false},"author":2,"featured_media":10574,"comment_status":"open","ping_status":"open","sticky":false,"template":"","format":"standard","meta":{"footnotes":""},"categories":[18,2],"tags":[],"class_list":["post-10579","post","type-post","status-publish","format-standard","has-post-thumbnail","hentry","category-actualites","category-economie"],"_links":{"self":[{"href":"https:\/\/ladepeche.mr\/index.php?rest_route=\/wp\/v2\/posts\/10579","targetHints":{"allow":["GET"]}}],"collection":[{"href":"https:\/\/ladepeche.mr\/index.php?rest_route=\/wp\/v2\/posts"}],"about":[{"href":"https:\/\/ladepeche.mr\/index.php?rest_route=\/wp\/v2\/types\/post"}],"author":[{"embeddable":true,"href":"https:\/\/ladepeche.mr\/index.php?rest_route=\/wp\/v2\/users\/2"}],"replies":[{"embeddable":true,"href":"https:\/\/ladepeche.mr\/index.php?rest_route=%2Fwp%2Fv2%2Fcomments&post=10579"}],"version-history":[{"count":1,"href":"https:\/\/ladepeche.mr\/index.php?rest_route=\/wp\/v2\/posts\/10579\/revisions"}],"predecessor-version":[{"id":10580,"href":"https:\/\/ladepeche.mr\/index.php?rest_route=\/wp\/v2\/posts\/10579\/revisions\/10580"}],"wp:featuredmedia":[{"embeddable":true,"href":"https:\/\/ladepeche.mr\/index.php?rest_route=\/wp\/v2\/media\/10574"}],"wp:attachment":[{"href":"https:\/\/ladepeche.mr\/index.php?rest_route=%2Fwp%2Fv2%2Fmedia&parent=10579"}],"wp:term":[{"taxonomy":"category","embeddable":true,"href":"https:\/\/ladepeche.mr\/index.php?rest_route=%2Fwp%2Fv2%2Fcategories&post=10579"},{"taxonomy":"post_tag","embeddable":true,"href":"https:\/\/ladepeche.mr\/index.php?rest_route=%2Fwp%2Fv2%2Ftags&post=10579"}],"curies":[{"name":"wp","href":"https:\/\/api.w.org\/{rel}","templated":true}]}}