{"id":10598,"date":"2024-08-13T17:47:50","date_gmt":"2024-08-13T17:47:50","guid":{"rendered":"https:\/\/ladepeche.mr\/?p=10598"},"modified":"2024-08-14T11:42:14","modified_gmt":"2024-08-14T11:42:14","slug":"tribune-la-malediction-de-sisyphe-ou-la-maladresse-en-boucle","status":"publish","type":"post","link":"https:\/\/ladepeche.mr\/?p=10598","title":{"rendered":"Tribune: La mal\u00e9diction de Sisyphe ou la maladresse en boucle"},"content":{"rendered":"<div class=\"xdj266r x11i5rnm xat24cr x1mh8g0r x1vvkbs x126k92a\">\n<div dir=\"auto\">Certaines situations rel\u00e8vent d\u2019une r\u00e9miniscence telle qu\u2019elles s\u2019imposent \u00e0 nous comme s\u2019il s\u2019agissait de l\u2019unique choix que le ciel nous propose.<\/div>\n<\/div>\n<div class=\"x11i5rnm xat24cr x1mh8g0r x1vvkbs xtlvy1s x126k92a\">\n<div dir=\"auto\">Pourtant, le monde \u00e9volue un peu vite d\u2019ailleurs et les grands enjeux avec lui. Mais \u00e0 sa table, nous, nous jouons toujours la m\u00eame main, les m\u00eames cartes. Il s\u2019agit l\u00e0 d\u2019un m\u00e9pris in\u00e9gal\u00e9 pour toutes ces aspirations et ces g\u00e9n\u00e9rations qui se succ\u00e8dent dont certaines ont \u00e9t\u00e9 brad\u00e9es et d\u2019autres se bousculent sur la rampe des olympiades de l\u2019immigration clandestine.<\/div>\n<div dir=\"auto\">Oui, ce n\u2019est pas nouveau, les m\u00eames causes produisent les m\u00eames effets et nos politiques n\u2019y d\u00e9rogent pas !<\/div>\n<\/div>\n<div class=\"x11i5rnm xat24cr x1mh8g0r x1vvkbs xtlvy1s x126k92a\">\n<div dir=\"auto\">Sinon comment m\u2019expliquerez-vous que nos enfants fassent le mur pour aller chez l\u2019oncle Sam eux auxquels l\u2019avenir promet le P\u00e9trole, l\u2019Or, le Gaz et la prosp\u00e9rit\u00e9 mix\u00e9s \u00e0 la magie de la SCAPP (La Strat\u00e9gie de croissance acc\u00e9l\u00e9r\u00e9e et de bien-\u00eatre partag\u00e9) doubl\u00e9e \u00e0 pr\u00e9sent du levier Taahoudaty-Toumouhaty (mes engagements-mes ambitions).<\/div>\n<\/div>\n<div class=\"x11i5rnm xat24cr x1mh8g0r x1vvkbs xtlvy1s x126k92a\">\n<div dir=\"auto\">Il n\u2019y a, vous me direz, pas d\u2019explications car cela a valu pour d\u2019autres ressources dans le pass\u00e9 et le pr\u00e9sent, le Fer, le Poisson mais surtout les Femmes et les Hommes de ce vaillant peuple.<\/div>\n<div dir=\"auto\">Serait-ce, un mauvais poil, une mal\u00e9diction, un mauvais karma, la scoumoune ?<\/div>\n<\/div>\n<div class=\"x11i5rnm xat24cr x1mh8g0r x1vvkbs xtlvy1s x126k92a\">\n<div dir=\"auto\">Comment expliquer alors nos difficult\u00e9s, sans \u00eatre matheux (encore une fois), en faisant juste un usage intelligent des quatre op\u00e9rations arithm\u00e9tiques de base.<\/div>\n<div dir=\"auto\">Oui \u00e9vitons surtout les discours acad\u00e9miques, les analyses strat\u00e9giques, les sondages etc. Tout cet arsenal des expertises \u00e9m\u00e9rites qui nous ont gav\u00e9 jusque-l\u00e0 avant la chute de plusieurs de leurs mod\u00e8les.<\/div>\n<\/div>\n<div class=\"x11i5rnm xat24cr x1mh8g0r x1vvkbs xtlvy1s x126k92a\">\n<div dir=\"auto\">Certains, comme moi ne comprendraient plus! Il parait qu\u2019un chef auquel on accorde un C.A.P aurait un jour dit \u00e0 propos d\u2019un grand cadre, une r\u00e9f\u00e9rence acad\u00e9mique de surcroit : \u201c\u2026il n\u2019a que de la th\u00e9orie !\u201d. Je le lui conc\u00e8de car \u00e0 voir le chemin franchi et la pl\u00e9thore de nos cadres, il y a de quoi lui donner raison.<\/div>\n<\/div>\n<div class=\"x11i5rnm xat24cr x1mh8g0r x1vvkbs xtlvy1s x126k92a\">\n<div dir=\"auto\">Mais \u00e0 contrario et \u00e0 leur d\u00e9charge peut-\u00eatre qu\u2019ils ont \u00e0 chaque fois une hi\u00e9rarchie (parfois limit\u00e9e) qui impose son point de vue ! Evidemment cela ne d\u00e9douane ni les uns ni les autres.<\/div>\n<div dir=\"auto\">Loin de moi, bien s\u00fbr, l\u2019id\u00e9e d\u2019\u00eatre r\u00e9ducteur pour l\u2019enseignement, la formation et l\u2019\u00e9ducation en g\u00e9n\u00e9ral dont l\u2019\u00e9panouissement et le d\u00e9veloppement d\u2019une nation demeurent tributaires.<\/div>\n<\/div>\n<div class=\"x11i5rnm xat24cr x1mh8g0r x1vvkbs xtlvy1s x126k92a\">\n<div dir=\"auto\">Je vous propose donc juste cette arithm\u00e9tique simple de rapporter nos ressources \u00e0 notre population \u2026diantre que ce n\u2019est pas compliqu\u00e9 !<\/div>\n<\/div>\n<div class=\"x11i5rnm xat24cr x1mh8g0r x1vvkbs xtlvy1s x126k92a\">\n<div dir=\"auto\">Un ami parlait derni\u00e8rement de l\u2019Indon\u00e9sie qui arrive \u00e0 rayonner avec 700 langues et 280 Millions d\u2019habitants ! Ils sont quasiment \u00e0 50% de faire le podium du record d\u2019une langue par habitant !<\/div>\n<\/div>\n<div class=\"x11i5rnm xat24cr x1mh8g0r x1vvkbs xtlvy1s x126k92a\">\n<div dir=\"auto\">Mieux, ce pays fait partie des pays \u00e9mergents les plus prosp\u00e8res ! Alors, avec nos 4 langues et nos 4 \u00e0 5 millions d\u2019habitants sauf \u00e0 \u00eatre \u201cdou\u00e9s\u201d on aurait d\u00fb r\u00e9ussir notre coup !<\/div>\n<div dir=\"auto\">Je suis moul\u00e9, abreuv\u00e9 dans cette forte foi qui est la n\u00f4tre et je crois en l\u2019augure, la pr\u00e9diction et les signes.<\/div>\n<div dir=\"auto\">Sauf qu\u2019il n\u2019en est rien ! Le ciel nous prot\u00e8ge et depuis belle lurette sinon comment tenir aussi longtemps \u00e0 vau-l\u2019eau ? Il n\u2019y a aucun mauvais augure et encore moins une mal\u00e9diction insurmontable ! Point de Sisyphe et encore moins de rocher.<\/div>\n<\/div>\n<div class=\"x11i5rnm xat24cr x1mh8g0r x1vvkbs xtlvy1s x126k92a\">\n<div dir=\"auto\">Non, rien de tout cela, plut\u00f4t notre funeste maladresse comme celles protocolaires durant la c\u00e9r\u00e9monie d\u2019investiture du Pr\u00e9sident de la R\u00e9publique.<\/div>\n<div dir=\"auto\">Juste pour rappel, le protocole et l\u2019\u00e9tiquette comme les programmes de certifications sont d\u2019abord, pour la faire courte, un ensemble de r\u00e8gles dont on convient que l\u2019on transcrit ensuite et que l\u2019on s\u2019oblige enfin le strict respect. Elles sont l\u00e0 pour conforter un c\u00e9r\u00e9monial, une proc\u00e9dure. Je me limiterais ici \u00e0 deux :<\/div>\n<\/div>\n<div class=\"x11i5rnm xat24cr x1mh8g0r x1vvkbs xtlvy1s x126k92a\">\n<div dir=\"auto\">\u2013 Les invit\u00e9s officiels de la c\u00e9r\u00e9monie arrivent pour les v\u0153ux depuis la gauche du Pr\u00e9sident, l\u2019obligeant \u00e0 chaque fois de les inviter \u00e0 sa droite pour la photo\u2026<\/div>\n<div dir=\"auto\">\u2013 Le Pr\u00e9sident a quasiment \u00e9t\u00e9 le dernier \u00e0 sortir de la salle\u2026.<\/div>\n<div dir=\"auto\">\u2013 Etc.<\/div>\n<\/div>\n<div class=\"x11i5rnm xat24cr x1mh8g0r x1vvkbs xtlvy1s x126k92a\">\n<div dir=\"auto\">Comme dans certaines activit\u00e9s, c\u2019est \u201cl\u2019erreur humaine\u201d et pour nous, la maladresse en boucle dans sa forme la plus destructrice.<\/div>\n<div dir=\"auto\">Cette habile maladresse que nous avons \u00e0 nous m\u00e9langer les pinceaux \u00e0 tous les coups ! Et nous avons chacun sa responsabilit\u00e9, sa pierre de par l\u2019action ou l\u2019inaction dans ce d\u00e9solant \u00e9difice.<\/div>\n<\/div>\n<div class=\"x11i5rnm xat24cr x1mh8g0r x1vvkbs xtlvy1s x126k92a\">\n<div dir=\"auto\">Le c\u00e9l\u00e8bre Abou Teyeb Ahmed ibn al-Hussein qui se faisait appeler Al-Mutanabb\u012b disait comme s\u2019il s\u2019adressait \u00e0 nous :<\/div>\n<\/div>\n<div class=\"x11i5rnm xat24cr x1mh8g0r x1vvkbs xtlvy1s x126k92a\">\n<div dir=\"auto\">\u0648\u064e\u0644\u064e\u0645 \u0623\u064e\u0631\u064e \u0641\u064a \u0639\u064f\u064a\u0648\u0628\u0650 \u0627\u0644\u0646\u0627\u0633\u0650 \u0634\u064e\u064a\u0626\u0627\u064b \u0643\u064e\u0646\u064e\u0642\u0635\u0650 \u0627\u0644\u0642\u0627\u062f\u0650\u0631\u064a\u0646\u064e \u0639\u064e\u0644\u0649 \u0627\u0644\u062a\u064e\u0645\u0627\u0645\u0650<\/div>\n<\/div>\n<div class=\"x11i5rnm xat24cr x1mh8g0r x1vvkbs xtlvy1s x126k92a\">\n<div dir=\"auto\">Cela pourrait se traduire par :<\/div>\n<div dir=\"auto\">Il n\u2019y a pire d\u00e9faut chez les gens<\/div>\n<div dir=\"auto\">Que celui de ceux qui ont tout pour \u00eatre parfaits et n\u2019y arrivent pas !<\/div>\n<\/div>\n<div class=\"x11i5rnm xat24cr x1mh8g0r x1vvkbs xtlvy1s x126k92a\">\n<div dir=\"auto\">Des niveaux faramineux de tr\u00e9sorerie ont \u00e9t\u00e9 inject\u00e9 de mani\u00e8re in\u00e9dite dans l\u2019\u00e9conomie sociale allant des allocations mensuelles (transfert t\u00e9l\u00e9phone), la Cnam, la Cnass, les frais de Dialyse etc. Jamais ces seuils n\u2019ont \u00e9t\u00e9 atteints ! Il s\u2019agit de plusieurs centaines de milliards de nos ouguiyas !<\/div>\n<\/div>\n<div class=\"x11i5rnm xat24cr x1mh8g0r x1vvkbs xtlvy1s x126k92a\">\n<div dir=\"auto\">Pourtant c\u2019est \u00e0 se demander, ils sont pass\u00e9s o\u00f9, comme beaucoup d\u2019autres actions qui s\u2019\u00e9vaporent par un \u201cby-pass\u201d bien huil\u00e9 aujourd\u2019hui. Ceux-ci, sont juste victime de notre communication contreproductive. Il parait que dans certains hameaux les b\u00e9n\u00e9ficiaires croient recevoir des aides depuis des ONG internationales (si cela ne leur est pas souffl\u00e9 !) Les mauvaises communication et gestion ont malheureusement caus\u00e9 beaucoup de tort.<\/div>\n<\/div>\n<div class=\"x11i5rnm xat24cr x1mh8g0r x1vvkbs xtlvy1s x126k92a\">\n<div dir=\"auto\">Le mandat pass\u00e9 a connu la communication la plus contreproductive rapport\u00e9e \u00e0 un gouvernement dont la politique sociale est au centre de l\u2019action avec des financements d\u2019une importance in\u00e9dite.<\/div>\n<\/div>\n<div class=\"x11i5rnm xat24cr x1mh8g0r x1vvkbs xtlvy1s x126k92a\">\n<div dir=\"auto\">Il faut comprendre que dans notre pays quelques soient les bonnes intentions du dirigeant du moment, c\u2019est in\u00e9vitablement les viviers politiques d\u2019atmosph\u00e8re qui v\u00e9g\u00e8tent et se recyclent depuis des lustres (quasiment les m\u00eames) qui prennent le dessus. Ils arrivent toujours \u00e0 d\u00e9vier de leur trajectoire les meilleurs de nos cadres.<\/div>\n<\/div>\n<div class=\"x11i5rnm xat24cr x1mh8g0r x1vvkbs xtlvy1s x126k92a\">\n<div dir=\"auto\">Je suppose que tout cela r\u00e9sulte de notre incapacit\u00e9 \u00e0 faire face \u00e0 l\u2019essentiel, la coh\u00e9sion nationale et le vivre-ensemble. Ces concepts dont les pr\u00e9requis consacrent la bonne gouvernance par la m\u00e9ritocratie.<\/div>\n<div dir=\"auto\">C\u2019est l\u00e0 le passage oblig\u00e9 pour se ressaisir, se reconstruire, se relever. C\u2019est l\u00e0 et par l\u00e0 que la nation se construit.<\/div>\n<\/div>\n<div class=\"x11i5rnm xat24cr x1mh8g0r x1vvkbs xtlvy1s x126k92a\">\n<div dir=\"auto\">Un nouveau gouvernement est d\u00e9sign\u00e9 \u00e0 pr\u00e9sent et je m\u2019en r\u00e9jouis car il porte en lui cet air de \u00ab savoir-faire \u00bb qui rassure ou en tout cas je le pressens. On pourra dire ce l\u2019on veut du nouveau Premier Ministre mais vous aurez remarqu\u00e9 que les plus virulents habituellement lui reconnaissent cette capacit\u00e9 de faire ce qu\u2019il dit et de savoir coordonner avec beaucoup de m\u00e9rite.<\/div>\n<div dir=\"auto\">Je le lui reconnais aussi comme cette approche avenante et cordiale avec ses interlocuteurs. Tr\u00e8s peu de ceux qui se fossilisent dans l\u2019administration en \u00e9cr\u00e9mant les leurs peuvent se pr\u00e9valoir de cette capacit\u00e9. C\u2019est ce que nous attendons de nos \u00e9lus et nos hauts fonctionnaires d\u2019\u0153uvrer pour l\u2019int\u00e9r\u00eat g\u00e9n\u00e9ral au-del\u00e0 de leurs poches.<\/div>\n<\/div>\n<div class=\"x11i5rnm xat24cr x1mh8g0r x1vvkbs xtlvy1s x126k92a\">\n<div dir=\"auto\">Le nouvel organigramme pr\u00e9sage d\u00e9j\u00e0 des pr\u00e9occupations actuelles li\u00e9es \u00e0 la Jeunesse ou comme ce d\u00e9partement des Domaines, des biens de l\u2019Etat et de la R\u00e9forme Fonci\u00e8re. Beaucoup ne voient pas cet autre aspect encore plus grave de la gabegie qui est li\u00e9 au patrimoine immobilier (b\u00e2timents et infrastructures), roulant et foncier qui se d\u00e9t\u00e9riorent \u00e0 vue d\u2019\u0153il depuis des d\u00e9cennies.<\/div>\n<div dir=\"auto\">Une autre d\u00e9nomination est d\u2019une importance capitale si toutefois on lui donnait le contenu au-del\u00e0 du contenant. Il s\u2019agit du D\u00e9partement de la D\u00e9fense Nationale avec une nouvelle appellation qui lui va comme un gant rapport\u00e9 \u00e0 nous : Minist\u00e8re de la D\u00e9fense, des Affaires des Retrait\u00e9s et des Fils de Martyrs. Certains se posent la question de savoir ce que le terme martyr comprendrait.<\/div>\n<\/div>\n<div class=\"x11i5rnm xat24cr x1mh8g0r x1vvkbs xtlvy1s x126k92a\">\n<div dir=\"auto\">N\u2019\u00e9tant pas dans la confidence des d\u00e9cideurs, j\u2019en ai une lecture personnelle :<\/div>\n<div dir=\"auto\">Le terme \u201cMartyrs\u201d pourrait couvrir les enfants des martyrs de :<\/div>\n<div dir=\"auto\">\u2013 la R\u00e9sistance coloniale sur l\u2019ensemble du territoire (vraiment l\u2019ensemble SVP !)<\/div>\n<div dir=\"auto\">(Guerri\u00e8re, des mahadras et confr\u00e9ries\u2026)<\/div>\n<div dir=\"auto\">\u2013 la guerre du Sahara<\/div>\n<div dir=\"auto\">\u2013 Le 16 Mars<\/div>\n<div dir=\"auto\">\u2013 les Ev\u00e9nements de 90-91<\/div>\n<div dir=\"auto\">\u2013 Le 3 juin 2003<\/div>\n<div dir=\"auto\">\u2013 Les campagnes en territoire Malien<\/div>\n<div dir=\"auto\">\u2013 Etc<\/div>\n<div dir=\"auto\">Il faut dire qu\u2019avec les extr\u00e9mistes de tous bords que nous avons chacun aura son prisme \u00e9troit de lecture !<\/div>\n<div dir=\"auto\">Ernest Renan disait que : \u201cCe qui constitue une nation, ce n\u2019est pas de parler la m\u00eame langue, ou d\u2019appartenir \u00e0 un groupe ethnographique commun, c\u2019est d\u2019avoir fait ensemble de grandes choses dans le pass\u00e9 et de vouloir en faire encore dans l\u2019avenir.\u201d Il s\u2019agit bien de mon point de vue de faire la nation apr\u00e8s le pays, l\u2019histoire apr\u00e8s la g\u00e9ographie.<\/div>\n<\/div>\n<div class=\"x11i5rnm xat24cr x1mh8g0r x1vvkbs xtlvy1s x126k92a\">\n<div dir=\"auto\">Nos P\u00e8res fondateurs dans leur diversit\u00e9 ont cr\u00e9\u00e9 ce pays, ils ont jet\u00e9 les bases de sa Nation. H\u00e9las, cette trajectoire a \u00e9t\u00e9 \u00e9court\u00e9 passant par plusieurs corpus politiques qui ont malheureusement \u00e0 chaque fois \u00e9loign\u00e9 davantage la perspective d\u2019atteindre cet objectif.<\/div>\n<\/div>\n<div class=\"x11i5rnm xat24cr x1mh8g0r x1vvkbs xtlvy1s x126k92a\">\n<div dir=\"auto\">Nous avons besoin, aujourd\u2019hui plus que jamais pour nos enfants, dans cette transmission de t\u00e9moin entre les g\u00e9n\u00e9rations de leur l\u00e9guer le terreau fertile d\u2019une nation consolid\u00e9e et reconcili\u00e9e. D\u2019\u00e9viter justement d\u00e8s \u00e0 pr\u00e9sent de cliver les g\u00e9n\u00e9rations futures. Cela est possible, mais seulement \u00e0 la faveur d\u2019une volont\u00e9 ferme d\u2019y arriver.<\/div>\n<\/div>\n<div class=\"x11i5rnm xat24cr x1mh8g0r x1vvkbs xtlvy1s x126k92a\">\n<div dir=\"auto\">Que l\u2019on ne se trompe pas toutes les d\u00e9rives \u00e9lectorales et les trag\u00e9dies qui en d\u00e9coulent, le manque de solidarit\u00e9 face \u00e0 tout et son contraire sont le fait de ces tiroirs que l\u2019on se refusent \u00e0 ouvrir, la coh\u00e9sion sociale, le vivre-ensemble et le passif humanitaire.<\/div>\n<\/div>\n<div class=\"x11i5rnm xat24cr x1mh8g0r x1vvkbs xtlvy1s x126k92a\">\n<div dir=\"auto\">Ils n\u2019ont surtout rien \u00e0 voir avec les candidats et encore moins avec leurs programmes. Non il s\u2019agit d\u2019un c\u00f4t\u00e9 comme de l\u2019autre de vecteurs qui saisissent l\u2019opportunit\u00e9 de la vague qui passe.<\/div>\n<div dir=\"auto\">Le genre, l\u2019ethnie et la qualit\u00e9 du candidat comptent pour peu car l\u2019essentiel est la mesure du chemin qu\u2019il fera franchir bien plus que toute autre consid\u00e9ration.<\/div>\n<\/div>\n<div class=\"x11i5rnm xat24cr x1mh8g0r x1vvkbs xtlvy1s x126k92a\">\n<div dir=\"auto\">Je crois qu\u2019il est grand temps d\u2019assainir cette situation de mani\u00e8re objective, honn\u00eate et d\u00e9sint\u00e9ress\u00e9e de tout commerce politique. On ne peut hypoth\u00e9quer l\u2019avenir d\u2019un pays, d\u2019une nation, sa coh\u00e9sion et son vivre-ensemble pour le compte de quelques individus.<\/div>\n<\/div>\n<div class=\"x11i5rnm xat24cr x1mh8g0r x1vvkbs xtlvy1s x126k92a\">\n<div dir=\"auto\">On ne peut continuer dans cette Mauritanie des parall\u00e8les et de la division. Car \u00e0 ce rythme, elle sombrera du fait de ses extr\u00e9mistes de tous bords qui la tiraillent.<\/div>\n<\/div>\n<div class=\"x11i5rnm xat24cr x1mh8g0r x1vvkbs xtlvy1s x126k92a\">\n<div dir=\"auto\">Personne ne viendra nous aider \u00e0 la reconstruire, ni pour les uns et encore moins pour les autres. Oui, personne car les lignes rouges ont fortement recul\u00e9 et la communaut\u00e9 internationale a tant de probl\u00e8mes que les n\u00f4tres passent pour des caprices !!<\/div>\n<\/div>\n<div class=\"x11i5rnm xat24cr x1mh8g0r x1vvkbs xtlvy1s x126k92a\">\n<div dir=\"auto\">Plus s\u00e9rieusement, avons-nous, tant que \u00e7a perdu foi en nous pour penser que nos probl\u00e8mes peuvent \u00eatre r\u00e9gl\u00e9s ailleurs que par nous-m\u00eame ?<\/div>\n<\/div>\n<div class=\"x11i5rnm xat24cr x1mh8g0r x1vvkbs xtlvy1s x126k92a\">\n<div dir=\"auto\">Dans cette perspective je sugg\u00e8re de proc\u00e9der par deux questions essentielles.<\/div>\n<\/div>\n<div class=\"x11i5rnm xat24cr x1mh8g0r x1vvkbs xtlvy1s x126k92a\">\n<div dir=\"auto\">\u2013 L\u2019Ecole R\u00e9publicaine (l\u2019Education Nationale)<\/div>\n<div dir=\"auto\">\u2013 La Coh\u00e9sion Nationale et le Vivre-ensemble<\/div>\n<\/div>\n<div class=\"x11i5rnm xat24cr x1mh8g0r x1vvkbs xtlvy1s x126k92a\">\n<div dir=\"auto\">Dans mon choix et mon soutien assum\u00e9s au Pr\u00e9sident de la R\u00e9publique Monsieur Mohamed Ould Cheikh El Ghazouani, je me r\u00e9jouis surtout qu\u2019il fasse partie de ce grand nombre des membres de nos forces arm\u00e9es et de s\u00e9curit\u00e9 dont la carri\u00e8re n\u2019a jamais \u00e9t\u00e9 entach\u00e9e.<\/div>\n<div dir=\"auto\">Aussi et juste pour rappel, il y a cette notion de prise en main dont on parle souvent chez les corps constitu\u00e9s pour indiquer la capacit\u00e9 \u00e0 commander (gouverner, diriger etc.) les hommes chez certains grad\u00e9s par rapport \u00e0 d\u2019autres. Il a donc de par l\u2019exp\u00e9rience la pr\u00e9disposition et certainement aujourd\u2019hui l\u2019ambition d\u2019apporter des r\u00e9ponses \u00e0 ces questions. Bref<\/div>\n<\/div>\n<div class=\"x11i5rnm xat24cr x1mh8g0r x1vvkbs xtlvy1s x126k92a\">\n<div dir=\"auto\">1) L\u2019Ecole R\u00e9publicaine (l\u2019Education Nationale)<\/div>\n<\/div>\n<div class=\"x11i5rnm xat24cr x1mh8g0r x1vvkbs xtlvy1s x126k92a\">\n<div dir=\"auto\">Les deux concepts sont intimement li\u00e9s et peuvent \u00eatre interd\u00e9pendants. Mais dans l\u2019absolu, l\u2019\u00e9cole construit la nation. Pour la petite histoire, je raconte toujours que m\u00eame pour un copier-coller nous l\u2019avons mal r\u00e9ussi car il y a le bon et c\u2019est un art qui permet des raccourcis en pr\u00e9servant l\u2019\u00e9thique dans certaines conditions.<\/div>\n<div dir=\"auto\">Nous avons par exemple pris \u00e0 la France certaines appellations des d\u00e9partements minist\u00e9riels. Sauf que nous n\u2019avons pas pris le temps de comprendre les raisons de certaines appellations. Par exemple, pourquoi seuls deux d\u00e9partements, la D\u00e9fense et l\u2019Education (Ce n\u2019est plus le cas car ils ont compris depuis) portaient dans leur d\u00e9nomination le mot Nationale ! C\u2019\u00e9tait en r\u00e9alit\u00e9 pour rappeler leur sacralit\u00e9 pour la souverainet\u00e9 mais surtout leur intouchabilit\u00e9.<\/div>\n<div dir=\"auto\">Les r\u00e9formes et orientations dans ces secteurs rel\u00e8vent quasiment du domaine r\u00e9f\u00e9rendaire.<\/div>\n<\/div>\n<div class=\"x11i5rnm xat24cr x1mh8g0r x1vvkbs xtlvy1s x126k92a\">\n<div dir=\"auto\">Les diff\u00e9rentes r\u00e9formes de notre syst\u00e8me \u00e9ducatif, elles, n\u2019ont \u00e0 ce jour servi qu\u2019\u00e0 cloisonner davantage notre soci\u00e9t\u00e9 au profit d\u2019un r\u00e9seau priv\u00e9 national dont les lignes d\u2019enseignement varient d\u2019une \u00e9cole \u00e0 l\u2019autre.<\/div>\n<\/div>\n<div class=\"x11i5rnm xat24cr x1mh8g0r x1vvkbs xtlvy1s x126k92a\">\n<div dir=\"auto\">D\u2019un c\u00f4t\u00e9 vous avez ce r\u00e9seau avec le risque comme pour certaines de fermer au bout d\u2019un trimestre et de l\u2019autre les \u00e9coles \u00e9trang\u00e8res qui vous prennent votre capital et les int\u00e9r\u00eats avec.<\/div>\n<div dir=\"auto\">Pour ces derni\u00e8res, il y a au moins un b\u00e9mol car elles construisent votre enfant, lui apprennent la m\u00e9thode, la critique et la synth\u00e8se mais pour un autre monde pour ne pas dire, univers. La nature a horreur du vide.<\/div>\n<\/div>\n<div class=\"x11i5rnm xat24cr x1mh8g0r x1vvkbs xtlvy1s x126k92a\">\n<div dir=\"auto\">La d\u00e9cision de faire \u00e9voluer le syst\u00e8me de \u00ab l\u2019Excellence \u00bb de certaines \u00e9coles vers l\u2019\u00e9mergence et la g\u00e9n\u00e9ralisation de l\u2019Ecole R\u00e9publicaine Pour Tous est un acte courageux et salutaire au profit de la refondation de l\u2019unit\u00e9 nationale. Il s\u2019agira d\u00e9sormais comme on le dit en Hassania de veiller \u00ab comme \u00e0 sa pri\u00e8re \u00bb afin qu\u2019au-del\u00e0 des \u00e9l\u00e9ments du paraitre qu\u2019elle ait le contenu appropri\u00e9 qui commence d\u00e9j\u00e0 \u00e0 l\u2019Ecole Normale des Instituteurs avec la maitrise par l\u2019instituteur du programme p\u00e9dagogique. C\u2019est l\u00e0 et seulement l\u00e0 que la nation se construit et que l\u2019avenir apais\u00e9 et \u00e9panoui de nos enfants se dessine.<\/div>\n<\/div>\n<div class=\"x11i5rnm xat24cr x1mh8g0r x1vvkbs xtlvy1s x126k92a\">\n<div dir=\"auto\">2) \u2013 La Coh\u00e9sion Nationale et le Vivre-Ensemble<\/div>\n<\/div>\n<div class=\"x11i5rnm xat24cr x1mh8g0r x1vvkbs xtlvy1s x126k92a\">\n<div dir=\"auto\">Il est grand temps de remettre sur la table la question des \u00e9v\u00e9nements tragiques que le pays a connus les ann\u00e9es 1990-1991.<\/div>\n<div dir=\"auto\">Une tragique situation d\u2019une gravit\u00e9 extr\u00eame qui gangr\u00e8ne notre soci\u00e9t\u00e9. Une timide tentative de r\u00e9solution a eu lieu durant la p\u00e9riode \u00e0 cheval entre les Pr\u00e9sidents Sidi ould Cheikh Abdellahi (Paix \u00e0 son \u00e2me) et Mohamed ould Abdel Aziz. Cette initiative a fini malheureusement en queue de poisson et ses engagements se sont vite \u00e9vapor\u00e9s. Quand on sait qu\u2019il y a eu morts d\u2019hommes dans des conditions insoutenables on peut comprendre mais certainement pas mesurer la peine, la douleur et la souffrance des leurs.<\/div>\n<div dir=\"auto\">Cette question primordiale constitue de mani\u00e8re incontournable le handicap au d\u00e9part \u00e0 toute coh\u00e9sion ou vivre-ensemble dans des conditions sereines et apais\u00e9es.<\/div>\n<div dir=\"auto\">Comme on devrait ais\u00e9ment comprendre que cette situation ait fait des petits depuis au d\u00e9triment de la coh\u00e9sion sociale.<\/div>\n<\/div>\n<div class=\"x11i5rnm xat24cr x1mh8g0r x1vvkbs xtlvy1s x126k92a\">\n<div dir=\"auto\">J\u2019en appelle, ici, au Pr\u00e9sident de la R\u00e9publique mais aussi \u00e0 cette majorit\u00e9 silencieuse, celle rappelez-vous qui se compla\u00eet dans son silence coupable \u00e0 voir dans nos trag\u00e9dies r\u00e9currentes \u00e0 chaque fois un nuage passager. Elle oublie ainsi qu\u2019elle participe \u00e0 chaque fois \u00e0 d\u00e9truire un peu plus l\u2019opportunit\u00e9 de cette coh\u00e9sion et son vivre-ensemble.<\/div>\n<\/div>\n<div class=\"x11i5rnm xat24cr x1mh8g0r x1vvkbs xtlvy1s x126k92a\">\n<div dir=\"auto\">==========o=========<\/div>\n<\/div>\n<div class=\"x11i5rnm xat24cr x1mh8g0r x1vvkbs xtlvy1s x126k92a\">\n<div dir=\"auto\">J\u2019ose esp\u00e9rer et je sugg\u00e8re fortement que nous puissions durant ce second mandat pour lequel le Pr\u00e9sident de la R\u00e9publique Monsieur Mohamed Ould Cheikh El Ghazouani est investi aujourd\u2019hui, d\u00e9rouler le processus de r\u00e9conciliation et de coh\u00e9sion nationales.<\/div>\n<div dir=\"auto\">Afin de conforter la perspective de r\u00e9ussite de ce processus que nous appelons de tous nos v\u0153ux, le premier acte pourrait \u00eatre la mise \u00e0 l\u2019\u00e9cart, juste la mise \u00e0 l\u2019\u00e9cart, des acteurs qui lui sont limitants quels qu\u2019ils soient. C\u2019est d\u00e9j\u00e0 un pas important.<\/div>\n<\/div>\n<div class=\"x11i5rnm xat24cr x1mh8g0r x1vvkbs xtlvy1s x126k92a\">\n<div dir=\"auto\">Quoi de plus exaltant que de faire du mandat de la jeunesse par la jeunesse celui \u00e9galement de la r\u00e9conciliation nationale pour le vivre-ensemble.<\/div>\n<\/div>\n<div dir=\"auto\"><\/div>\n<div class=\"post-bottom-meta post-bottom-edit\">\n<div class=\"post-bottom-meta-title\">Mohamed Mahmoud Ba Ould Ne<\/div>\n<\/div>\n","protected":false},"excerpt":{"rendered":"<p>Certaines situations rel\u00e8vent d\u2019une r\u00e9miniscence telle qu\u2019elles s\u2019imposent \u00e0 nous comme s\u2019il s\u2019agissait de l\u2019unique choix que le ciel nous propose. Pourtant, le monde \u00e9volue un peu vite d\u2019ailleurs et les grands enjeux avec lui. Mais \u00e0 sa table, nous, nous jouons toujours la m\u00eame main, les m\u00eames cartes. Il s\u2019agit l\u00e0 d\u2019un m\u00e9pris in\u00e9gal\u00e9 &hellip;<\/p>\n","protected":false},"author":2,"featured_media":10599,"comment_status":"open","ping_status":"open","sticky":false,"template":"","format":"standard","meta":{"footnotes":""},"categories":[1],"tags":[],"class_list":["post-10598","post","type-post","status-publish","format-standard","has-post-thumbnail","hentry","category-uncategorized"],"_links":{"self":[{"href":"https:\/\/ladepeche.mr\/index.php?rest_route=\/wp\/v2\/posts\/10598","targetHints":{"allow":["GET"]}}],"collection":[{"href":"https:\/\/ladepeche.mr\/index.php?rest_route=\/wp\/v2\/posts"}],"about":[{"href":"https:\/\/ladepeche.mr\/index.php?rest_route=\/wp\/v2\/types\/post"}],"author":[{"embeddable":true,"href":"https:\/\/ladepeche.mr\/index.php?rest_route=\/wp\/v2\/users\/2"}],"replies":[{"embeddable":true,"href":"https:\/\/ladepeche.mr\/index.php?rest_route=%2Fwp%2Fv2%2Fcomments&post=10598"}],"version-history":[{"count":2,"href":"https:\/\/ladepeche.mr\/index.php?rest_route=\/wp\/v2\/posts\/10598\/revisions"}],"predecessor-version":[{"id":10601,"href":"https:\/\/ladepeche.mr\/index.php?rest_route=\/wp\/v2\/posts\/10598\/revisions\/10601"}],"wp:featuredmedia":[{"embeddable":true,"href":"https:\/\/ladepeche.mr\/index.php?rest_route=\/wp\/v2\/media\/10599"}],"wp:attachment":[{"href":"https:\/\/ladepeche.mr\/index.php?rest_route=%2Fwp%2Fv2%2Fmedia&parent=10598"}],"wp:term":[{"taxonomy":"category","embeddable":true,"href":"https:\/\/ladepeche.mr\/index.php?rest_route=%2Fwp%2Fv2%2Fcategories&post=10598"},{"taxonomy":"post_tag","embeddable":true,"href":"https:\/\/ladepeche.mr\/index.php?rest_route=%2Fwp%2Fv2%2Ftags&post=10598"}],"curies":[{"name":"wp","href":"https:\/\/api.w.org\/{rel}","templated":true}]}}