{"id":10609,"date":"2024-08-13T19:20:06","date_gmt":"2024-08-13T19:20:06","guid":{"rendered":"https:\/\/ladepeche.mr\/?p=10609"},"modified":"2024-08-13T18:40:01","modified_gmt":"2024-08-13T18:40:01","slug":"gouvernance-des-etablissements-publics-le-comite-de-pilotage-du-projet-dappui-tient-sa-premiere-reunion","status":"publish","type":"post","link":"https:\/\/ladepeche.mr\/?p=10609","title":{"rendered":"Gouvernance des \u00e9tablissements publics: Le Comit\u00e9 de pilotage du projet d&#8217;appui tient sa premi\u00e8re r\u00e9union"},"content":{"rendered":"<p>Le Comit\u00e9 de pilotage du projet d&#8217;appui \u00e0 la gouvernance des \u00e9tablissements publics, pr\u00e9sid\u00e9 par le Secr\u00e9taire g\u00e9n\u00e9ral du minist\u00e8re, M. Yacoub Ould Ahmed Aicha, a tenu sa premi\u00e8re r\u00e9union ce mardi dans les locaux du minist\u00e8re de l&#8217;\u00c9conomie et des Finances.<\/p>\n<p>Au cours de la r\u00e9union, un expos\u00e9 a \u00e9t\u00e9 pr\u00e9sent\u00e9 sur le projet ax\u00e9 notamment sur son niveau d&#8217;avancement, les d\u00e9fis entravant son acc\u00e9l\u00e9ration, ainsi que l&#8217;approbation du plan d&#8217;action et du budget pour l&#8217;ann\u00e9e en cours.<\/p>\n","protected":false},"excerpt":{"rendered":"<p>Le Comit\u00e9 de pilotage du projet d&#8217;appui \u00e0 la gouvernance des \u00e9tablissements publics, pr\u00e9sid\u00e9 par le Secr\u00e9taire g\u00e9n\u00e9ral du minist\u00e8re, M. Yacoub Ould Ahmed Aicha, a tenu sa premi\u00e8re r\u00e9union ce mardi dans les locaux du minist\u00e8re de l&#8217;\u00c9conomie et des Finances. Au cours de la r\u00e9union, un expos\u00e9 a \u00e9t\u00e9 pr\u00e9sent\u00e9 sur le projet &hellip;<\/p>\n","protected":false},"author":2,"featured_media":10607,"comment_status":"open","ping_status":"open","sticky":false,"template":"","format":"standard","meta":{"footnotes":""},"categories":[18,2],"tags":[],"class_list":["post-10609","post","type-post","status-publish","format-standard","has-post-thumbnail","hentry","category-actualites","category-economie"],"_links":{"self":[{"href":"https:\/\/ladepeche.mr\/index.php?rest_route=\/wp\/v2\/posts\/10609","targetHints":{"allow":["GET"]}}],"collection":[{"href":"https:\/\/ladepeche.mr\/index.php?rest_route=\/wp\/v2\/posts"}],"about":[{"href":"https:\/\/ladepeche.mr\/index.php?rest_route=\/wp\/v2\/types\/post"}],"author":[{"embeddable":true,"href":"https:\/\/ladepeche.mr\/index.php?rest_route=\/wp\/v2\/users\/2"}],"replies":[{"embeddable":true,"href":"https:\/\/ladepeche.mr\/index.php?rest_route=%2Fwp%2Fv2%2Fcomments&post=10609"}],"version-history":[{"count":1,"href":"https:\/\/ladepeche.mr\/index.php?rest_route=\/wp\/v2\/posts\/10609\/revisions"}],"predecessor-version":[{"id":10610,"href":"https:\/\/ladepeche.mr\/index.php?rest_route=\/wp\/v2\/posts\/10609\/revisions\/10610"}],"wp:featuredmedia":[{"embeddable":true,"href":"https:\/\/ladepeche.mr\/index.php?rest_route=\/wp\/v2\/media\/10607"}],"wp:attachment":[{"href":"https:\/\/ladepeche.mr\/index.php?rest_route=%2Fwp%2Fv2%2Fmedia&parent=10609"}],"wp:term":[{"taxonomy":"category","embeddable":true,"href":"https:\/\/ladepeche.mr\/index.php?rest_route=%2Fwp%2Fv2%2Fcategories&post=10609"},{"taxonomy":"post_tag","embeddable":true,"href":"https:\/\/ladepeche.mr\/index.php?rest_route=%2Fwp%2Fv2%2Ftags&post=10609"}],"curies":[{"name":"wp","href":"https:\/\/api.w.org\/{rel}","templated":true}]}}