{"id":10617,"date":"2024-08-13T20:17:17","date_gmt":"2024-08-13T20:17:17","guid":{"rendered":"https:\/\/ladepeche.mr\/?p=10617"},"modified":"2024-08-13T19:24:06","modified_gmt":"2024-08-13T19:24:06","slug":"a-lonu-lafrique-exige-une-meilleure-representation-au-conseil-de-securite-lors-dun-debat-historique","status":"publish","type":"post","link":"https:\/\/ladepeche.mr\/?p=10617","title":{"rendered":"\u00c0 l\u2019ONU, l\u2019Afrique exige une meilleure repr\u00e9sentation au Conseil de s\u00e9curit\u00e9 lors d\u2019un d\u00e9bat historique"},"content":{"rendered":"<p class=\"t-content__chapo\">Pour la premi\u00e8re fois en pr\u00e8s de 80 ans, un premier d\u00e9bat a eu lieu lundi 12 ao\u00fbt au Conseil de s\u00e9curit\u00e9 de l\u2019ONU sur le renforcement de la repr\u00e9sentation africaine. Un d\u00e9bat estim\u00e9 \u00ab\u00a0<em>essentiel<\/em>\u00a0\u00bb par onze pays, dont la Sierra Leone qui pr\u00e9side le Conseil en ao\u00fbt. Les repr\u00e9sentants pr\u00e9sents ont expliqu\u00e9 que l\u2019Afrique demande une repr\u00e9sentation \u00e9quitable dans tous les organes d\u00e9cideurs de l\u2019ONU et en particulier au Conseil de s\u00e9curit\u00e9. La seule fa\u00e7on, selon eux, de s\u2019assurer que les d\u00e9cisions b\u00e9n\u00e9ficieront vraiment au continent africain.<\/p>\n<div class=\"t-content__dates t-content__dates--reading-time\">\n<p>La plan\u00e8te compte 1,3 milliard d\u2019Africains et 28% des membres de l\u2019ONU sont des pays africains. Et avant les guerres en Ukraine ou \u00e0 Gaza, l\u2019agenda du Conseil de s\u00e9curit\u00e9\u00a0<strong><a href=\"https:\/\/www.rfi.fr\/fr\/afrique\/20190514-cameroun-crise-humanitaire-conseil-securite-onu-tensions\" target=\"_self\" rel=\"noopener\">\u00e9tait occup\u00e9 \u00e0 90% de questions africaines<\/a><\/strong>. Pourtant, l\u2019Afrique ne dispose que de deux si\u00e8ges flottants sur les quinze membres du Conseil \u2013 et surtout, alors qu\u2019elle joue un r\u00f4le important dans le maintien de la paix et la r\u00e9solution des conflits, elle\u00a0<strong><a href=\"https:\/\/www.rfi.fr\/fr\/afrique\/20200114-afrique-mieux-representee-conseil-securite-onu\" target=\"_self\" rel=\"noopener\">est largement sous-repr\u00e9sent\u00e9e<\/a><\/strong>.<\/p>\n<p>Une \u00ab\u00a0<em>injustice<\/em>\u00a0\u00bb pour le pr\u00e9sident de la Sierra Leone, le Dr Julius Bio\u00a0: \u00ab\u00a0<em>Notre demande de deux si\u00e8ges permanents avec tous les droits et pr\u00e9rogatives des membres actuels et de deux si\u00e8ges suppl\u00e9mentaires de membres non permanents. C&#8217;est une question de justice commune qui doit \u00eatre abord\u00e9e. Il est temps de passer \u00e0 l\u2019\u00e9tape suivante.<\/em>\u00a0\u00bb<\/p>\n<div id=\"em-WBMZ435481-RFI-FR-20240813\" class=\"m-em-flash m-em-flash--no-consent\" data-xtwitter-script=\"\" data-consent=\"xtwitter\">\n<div class=\"o-em-consent\">\n<div class=\"o-em-consent__content\">\n<p>Longtemps consid\u00e9r\u00e9e comme l\u2019arl\u00e9sienne, la r\u00e9forme du Conseil de s\u00e9curit\u00e9 s\u2019impose de plus en plus. Surtout depuis que les deux conflits globaux les plus r\u00e9cents sont gripp\u00e9s par des\u00a0<em>veto\u00a0<\/em>de membres permanents du Conseil.<\/p>\n<p>Sur le dossier, la Russie et la Chine tra\u00eenent des pieds, alors que les trois membres permanents occidentaux affirment publiquement y \u00eatre favorables. Lord Collins of Highbury,\u00a0le ministre britannique de l\u2019Afrique, a d\u00e9clar\u00e9 lundi qu\u2019une repr\u00e9sentation permanente de l\u2019Afrique au Conseil \u00e9tait une \u00ab\u00a0<em>question d\u2019urgence<\/em>\u00a0\u00bb.<\/p>\n<p>https:\/\/www.rfi.fr\/fr\/afrique\/20240813-%C3%A0-l-onu-l-afrique-exige-une-meilleure-repr%C3%A9sentation-au-conseil-de-s%C3%A9curit%C3%A9-lors-d-un-d%C3%A9bat-historique?utm_medium=email&#038;utm_campaign=newsletter&#038;utm_source=rfi-nl-internationale-fr&#038;utm_email_send_date=%2020240813&#038;utm_email_recipient=245770&#038;utm_email_link=contenus&#038;_ope=eyJndWlkIjoiOTMwMjIwNGY3ZmZhNzMxODU0NDI3OTA1ZjdiOTc4NGUifQ%3D%3D<\/p>\n<\/div>\n<\/div>\n<\/div>\n<\/div>\n","protected":false},"excerpt":{"rendered":"<p>Pour la premi\u00e8re fois en pr\u00e8s de 80 ans, un premier d\u00e9bat a eu lieu lundi 12 ao\u00fbt au Conseil de s\u00e9curit\u00e9 de l\u2019ONU sur le renforcement de la repr\u00e9sentation africaine. Un d\u00e9bat estim\u00e9 \u00ab\u00a0essentiel\u00a0\u00bb par onze pays, dont la Sierra Leone qui pr\u00e9side le Conseil en ao\u00fbt. Les repr\u00e9sentants pr\u00e9sents ont expliqu\u00e9 que l\u2019Afrique &hellip;<\/p>\n","protected":false},"author":2,"featured_media":10618,"comment_status":"open","ping_status":"open","sticky":false,"template":"","format":"standard","meta":{"footnotes":""},"categories":[18,29],"tags":[],"class_list":["post-10617","post","type-post","status-publish","format-standard","has-post-thumbnail","hentry","category-actualites","category-monde"],"_links":{"self":[{"href":"https:\/\/ladepeche.mr\/index.php?rest_route=\/wp\/v2\/posts\/10617","targetHints":{"allow":["GET"]}}],"collection":[{"href":"https:\/\/ladepeche.mr\/index.php?rest_route=\/wp\/v2\/posts"}],"about":[{"href":"https:\/\/ladepeche.mr\/index.php?rest_route=\/wp\/v2\/types\/post"}],"author":[{"embeddable":true,"href":"https:\/\/ladepeche.mr\/index.php?rest_route=\/wp\/v2\/users\/2"}],"replies":[{"embeddable":true,"href":"https:\/\/ladepeche.mr\/index.php?rest_route=%2Fwp%2Fv2%2Fcomments&post=10617"}],"version-history":[{"count":1,"href":"https:\/\/ladepeche.mr\/index.php?rest_route=\/wp\/v2\/posts\/10617\/revisions"}],"predecessor-version":[{"id":10619,"href":"https:\/\/ladepeche.mr\/index.php?rest_route=\/wp\/v2\/posts\/10617\/revisions\/10619"}],"wp:featuredmedia":[{"embeddable":true,"href":"https:\/\/ladepeche.mr\/index.php?rest_route=\/wp\/v2\/media\/10618"}],"wp:attachment":[{"href":"https:\/\/ladepeche.mr\/index.php?rest_route=%2Fwp%2Fv2%2Fmedia&parent=10617"}],"wp:term":[{"taxonomy":"category","embeddable":true,"href":"https:\/\/ladepeche.mr\/index.php?rest_route=%2Fwp%2Fv2%2Fcategories&post=10617"},{"taxonomy":"post_tag","embeddable":true,"href":"https:\/\/ladepeche.mr\/index.php?rest_route=%2Fwp%2Fv2%2Ftags&post=10617"}],"curies":[{"name":"wp","href":"https:\/\/api.w.org\/{rel}","templated":true}]}}