{"id":10621,"date":"2024-08-13T21:38:20","date_gmt":"2024-08-13T21:38:20","guid":{"rendered":"https:\/\/ladepeche.mr\/?p=10621"},"modified":"2024-08-13T19:46:47","modified_gmt":"2024-08-13T19:46:47","slug":"mauritanie-drame-en-republique-dominicaine-un-proche-dune-victime-se-confie-il-avait-jure-que-jamais-il-ne-prendrait-une-pirogue-pour-rejoindre-leurope","status":"publish","type":"post","link":"https:\/\/ladepeche.mr\/?p=10621","title":{"rendered":"Mauritanie-Drame en R\u00e9publique dominicaine &#8211; Un proche d&#8217;une victime se confie : &#8220;Il avait jur\u00e9 que jamais il ne prendrait une pirogue pour rejoindre l&#8217;Europe&#8221;"},"content":{"rendered":"<div><span style=\"font-size: x-large;\"><b>Il fait partie des personnes dont la pi\u00e8ce d\u2019identit\u00e9 a \u00e9t\u00e9 retrouv\u00e9e dans la pirogue qui a \u00e9chou\u00e9 en R\u00e9publique dominicaine avec 14 cadavres. Yankhoba Tall, 33 ans (voir photo ci-dessous), \u00e9tait un tailleur domicil\u00e9 \u00e0 Malika et \u00e9tabli en Mauritanie. Apr\u00e8s avoir retrouv\u00e9 la famille de Sidane Wade, celle de Yakhoba a \u00e9t\u00e9 aussi retrouv\u00e9e. Son cousin, Abdoul Moussa Wone, nous parle de lui dans cette interview.<br \/>\n<\/b><\/span><\/div>\n<div><\/div>\n<div>\n<div><span style=\"font-size: x-large;\"><b>Vous \u00eates le cousin de Yakhoba Fall, mort dans la pirogue retrouv\u00e9e en Dominique. Quand a-t-il communiqu\u00e9 avec ses proches pour la derni\u00e8re fois ? Savez-vous la date de d\u00e9part de la pirogue et que savez-vous de ce voyage ?<\/b><\/span><\/div>\n<div><span style=\"font-size: x-large;\">\u00a0<\/span><\/div>\n<div><span style=\"font-size: x-large;\">\u00a0<\/span><\/div>\n<div><span style=\"font-size: x-large;\">Effectivement, Yankhoba Tall \u00e9tait mon cousin. Il vivait chez nous \u00e0 Malika, avant de rejoindre la Mauritanie. Notre derni\u00e8re conversation remonte au mois de d\u00e9cembre 2023. Il a communiqu\u00e9 avec son p\u00e8re au courant du mois de janvier 2024. Il a parl\u00e9 de son\u00a0 intention de voyager \u00e0 son p\u00e8re. Malheureusement, ce dernier n&#8217;a pas pu l&#8217;en dissuader. Honn\u00eatement, on ignore la date du d\u00e9part, il ne m&#8217;en a jamais parl\u00e9.<\/span><\/div>\n<div><span style=\"font-size: x-large;\">\u00a0<\/span><\/div>\n<div><span style=\"font-size: x-large;\">D&#8217;apr\u00e8s les informations sur le Net,\u00a0 ils auraient embarqu\u00e9 le 22 janvier. Son p\u00e8re a, d&#8217;ailleurs, dit avoir re\u00e7u un appel venant de la Dominique. Son interlocuteur s&#8217;exprimait en espagnol, selon lui. C&#8217;est apr\u00e8s qu&#8217;il a envoy\u00e9 l&#8217;indicatif du num\u00e9ro \u00e0 un ami et ce dernier lui a confirm\u00e9 que cet appel venait de la R\u00e9publique dominicaine.<\/span><\/div>\n<div><span style=\"font-size: x-large;\">\u00a0<\/span><\/div>\n<div><span style=\"font-size: x-large;\">\u00a0<\/span><\/div>\n<div><span style=\"font-size: x-large;\">\u00a0<\/span><\/div>\n<div><span style=\"font-size: x-large;\"><b>Comment avez-vous appris la nouvelle de ce drame ?\u00a0<\/b><\/span><\/div>\n<div><span style=\"font-size: x-large;\">\u00a0<\/span><\/div>\n<div><span style=\"font-size: x-large;\">\u00a0<\/span><\/div>\n<div><span style=\"font-size: x-large;\">\u00a0<\/span><\/div>\n<div><span style=\"font-size: x-large;\">Je l&#8217;ai apprise comme tout le monde, sur les r\u00e9seaux sociaux. C&#8217;est mon jeune fr\u00e8re qui m&#8217;a montr\u00e9 la\u00a0 publication sur Facebook. C&#8217;est sa pi\u00e8ce d&#8217;identit\u00e9 qui nous a permis de savoir que c&#8217;est effectivement Yankhoba.<\/span><\/div>\n<div><span style=\"font-size: x-large;\">\u00a0<\/span><\/div>\n<div><span style=\"font-size: x-large;\">\u00a0<\/span><\/div>\n<div><span style=\"font-size: x-large;\">\u00a0<\/span><\/div>\n<div><span style=\"font-size: x-large;\">\u00a0<\/span><\/div>\n<div><span style=\"font-size: x-large;\">\u00a0<\/span><\/div>\n<div><span style=\"font-size: x-large;\"><b>\u00c9tiez-vous au courant de son intention de prendre la pirogue ? Si oui, \u00e9tiez-vous d\u2019accord ? Avez-vous men\u00e9 des recherches pour le retrouver ?\u00a0<\/b><\/span><\/div>\n<div><span style=\"font-size: x-large;\">\u00a0<\/span><\/div>\n<div><span style=\"font-size: x-large;\">Yakhoba ne m&#8217;a jamais parl\u00e9 de son projet de voyage en pirogue. D\u2019ailleurs, il n&#8217;a jamais \u00e9t\u00e9 pour les voyages en pirogue. \u00c7a n&#8217;a jamais \u00e9t\u00e9 son souhait. Je ne sais pas quand et comment il a \u00e9t\u00e9 influenc\u00e9, mais c&#8217;est vraiment inexplicable. D\u2019ailleurs, je me souviens ce jour o\u00f9 l&#8217;on suivait un documentaire sur l\u2019\u00e9migration irr\u00e9guli\u00e8re. Il s&#8217;est retourn\u00e9 et m&#8217;a dit : \u00ab Jamais au plus grand jamais,\u00a0 je n&#8217;emprunterai ces embarcations de fortune pour rejoindre l&#8217;Europe. \u00bb Je suis rest\u00e9 des mois sans avoir de ses nouvelles. Mais j&#8217;ai tout le temps essay\u00e9 d&#8217;entrer en contact avec lui, en vain.<\/span><\/div>\n<div><span style=\"font-size: x-large;\">\u00a0<\/span><\/div>\n<div><span style=\"font-size: x-large;\">Il avait c\u00e9d\u00e9 son WhatsApp \u00e0 sa femme. Au d\u00e9but, je pensais que c&#8217;\u00e9tait lui et qu&#8217;il refusait de me r\u00e9pondre. C&#8217;est par la suite que sa femme m&#8217;a dit que c&#8217;est elle qui avait\u00a0 le WhatsApp de son mari. \u00c0 chaque fois que je lui demandais des nouvelles de son mari, elle me disait qu&#8217;il allait bien.\u00a0 Apr\u00e8s, je lui ai dit\u00a0 de me passer un num\u00e9ro sur lequel je pourrais le joindre, elle m&#8217;a envoy\u00e9 un num\u00e9ro, mais \u00e7a ne fonctionnait pas.<\/span><\/div>\n<div><span style=\"font-size: x-large;\">\u00a0<\/span><\/div>\n<div><span style=\"font-size: x-large;\"><b>Comment la famille vit-elle ce drame ?<\/b><\/span><\/div>\n<div><span style=\"font-size: x-large;\">\u00a0<\/span><\/div>\n<div><span style=\"font-size: x-large;\">C&#8217;est tr\u00e8s difficile. La famille tient le coup. Sa maman est toujours sous le choc ; elle est abattue, attrist\u00e9e. Je n&#8217;ai m\u00eame pas les mots pour qualifier son d\u00e9sarroi. Elle s&#8217;en remet au bon Dieu, malgr\u00e9 tout. Mais c\u2019est tr\u00e8s dur pour elle, surtout que Yankhoba \u00e9tait\u00a0 son fils a\u00een\u00e9.<\/span><\/div>\n<div><span style=\"font-size: x-large;\">\u00a0<\/span><\/div>\n<div><span style=\"font-size: x-large;\">\u00a0<\/span><span style=\"font-size: x-large;\"><b>Et sa femme ?\u00a0<\/b><\/span><\/div>\n<div><span style=\"font-size: x-large;\">\u00a0<\/span><\/div>\n<div><span style=\"font-size: x-large;\">\u00a0<\/span><span style=\"font-size: x-large;\">Elle a eu deux enfants avec Yankhoba. Elle est bris\u00e9e. Elle est sous le choc. Elle n&#8217;en revient pas.<\/span><\/div>\n<div><span style=\"font-size: x-large;\">\u00a0<\/span><span style=\"font-size: x-large;\"><b>\u00ab Yakhoba \u00e9tait sympathique, souriant, taquin et courtois. Ambitieux, son r\u00eave a toujours \u00e9t\u00e9 de r\u00e9ussir pour mettre sa famille \u00e0 l&#8217;abri. C\u2019est ce qui l&#8217;a pouss\u00e9 \u00e0 aller en Mauritanie o\u00f9 il s\u2019est mari\u00e9\u00bb<\/b><\/span><\/div>\n<div><span style=\"font-size: x-large;\">\u00a0<\/span><\/div>\n<div><span style=\"font-size: x-large;\"><b>Quel \u00e9tait son m\u00e9tier ? Parlez-nous de sa personnalit\u00e9.\u00a0<\/b><\/span><\/div>\n<div><span style=\"font-size: x-large;\">\u00a0<\/span><\/div>\n<div><span style=\"font-size: x-large;\">Yankhoba \u00e9tait un tailleur. C\u2019\u00e9tait un jeune homme sympathique qui avait toujours le\u00a0 sourire aux l\u00e8vres. Taquin et courtois, il aimait la vie. Il \u00e9tait aussi ambitieux. Son r\u00eave a toujours \u00e9t\u00e9 de r\u00e9ussir pour mettre sa famille \u00e0 l&#8217;abri. C\u2019est ce qui l&#8217;a pouss\u00e9 d&#8217;ailleurs \u00e0 aller en Mauritanie o\u00f9 s&#8217;est mari\u00e9 et a fond\u00e9 une petite famille. Il \u00e9tait pieux, il ne ratait aucune pri\u00e8re et essayait toujours d&#8217;\u00eatre sur le droit chemin. Il avait un sens \u00e9lev\u00e9 de la responsabilit\u00e9.<\/span><\/div>\n<div><span style=\"font-size: x-large;\">\u00a0<\/span><\/div>\n<div><span style=\"font-size: x-large;\">\u00a0<\/span><span style=\"font-size: x-large;\"><b>Depuis quand vit-il en Mauritanie ?\u00a0<\/b><\/span><\/div>\n<div><span style=\"font-size: x-large;\">\u00a0<\/span><\/div>\n<div><span style=\"font-size: x-large;\">\u00a0<\/span><span style=\"font-size: x-large;\">Il s\u2019est install\u00e9 en Mauritanie depuis 2019 comme tailleur, un m\u00e9tier qui marche bien dans ce pays. Il ne venait que durant les f\u00eates.\u00a0<\/span><\/div>\n<div><span style=\"font-size: x-large;\">\u00a0<\/span><\/div>\n<div><span style=\"font-size: x-large;\"><b>Connaissez-vous des amis avec qui il a voyag\u00e9 ?\u00a0\u00a0<\/b><\/span><\/div>\n<div><span style=\"font-size: x-large;\">\u00a0<\/span><\/div>\n<div><span style=\"font-size: x-large;\">\u00a0<\/span><span style=\"font-size: x-large;\">Non , je ne les connais pas.<\/span><\/div>\n<div><span style=\"font-size: x-large;\">\u00a0<\/span><\/div>\n<div><span style=\"font-size: x-large;\">\u00a0<\/span><span style=\"font-size: x-large;\"><b>Avez-vous \u00e9t\u00e9 contact\u00e9 par les autorit\u00e9s pour un probable rapatriement du corps et quel message leur lancez-vous ?\u00a0<\/b><\/span><\/div>\n<div><span style=\"font-size: x-large;\">\u00a0<\/span><\/div>\n<div><span style=\"font-size: x-large;\">\u00a0<\/span><span style=\"font-size: x-large;\">On n\u2019a pas encore \u00e9t\u00e9 contact\u00e9 par les autorit\u00e9s pour un probable rapatriement du corps. Nous disons aux autorit\u00e9s de nous aider \u00e0 rapatrier le corps pour l&#8217;inhumer dignement, afin qu&#8217;on puisse se recueillir souvent sur sa tombe.<\/span><\/div>\n<div><span style=\"font-size: x-large;\">\u00a0<\/span><\/div>\n<div><span style=\"font-size: x-large;\">\u00a0<\/span><span style=\"font-size: x-large;\"><b>La famille a-t-elle commenc\u00e9 la c\u00e9r\u00e9monie fun\u00e9raire et comment la population de Malika vit-elle cette situation ?<\/b><\/span><\/div>\n<div><\/div>\n<div><span style=\"font-size: x-large;\">\u00a0<\/span><span style=\"font-size: x-large;\">La famille a commenc\u00e9 les fun\u00e9railles le vendredi dernier \u00e0 la maison familiale. La population de Malika vit cette situation douloureusement, entre consternation et interrogations.<\/span><\/div>\n<\/div>\n<div>https:\/\/www.seneweb.com\/news\/Societe\/drame-en-republique-dominicaine-un-proch_n_447928.html<\/div>\n","protected":false},"excerpt":{"rendered":"<p>Il fait partie des personnes dont la pi\u00e8ce d\u2019identit\u00e9 a \u00e9t\u00e9 retrouv\u00e9e dans la pirogue qui a \u00e9chou\u00e9 en R\u00e9publique dominicaine avec 14 cadavres. Yankhoba Tall, 33 ans (voir photo ci-dessous), \u00e9tait un tailleur domicil\u00e9 \u00e0 Malika et \u00e9tabli en Mauritanie. Apr\u00e8s avoir retrouv\u00e9 la famille de Sidane Wade, celle de Yakhoba a \u00e9t\u00e9 aussi &hellip;<\/p>\n","protected":false},"author":2,"featured_media":10622,"comment_status":"open","ping_status":"open","sticky":false,"template":"","format":"standard","meta":{"footnotes":""},"categories":[18,29],"tags":[],"class_list":["post-10621","post","type-post","status-publish","format-standard","has-post-thumbnail","hentry","category-actualites","category-monde"],"_links":{"self":[{"href":"https:\/\/ladepeche.mr\/index.php?rest_route=\/wp\/v2\/posts\/10621","targetHints":{"allow":["GET"]}}],"collection":[{"href":"https:\/\/ladepeche.mr\/index.php?rest_route=\/wp\/v2\/posts"}],"about":[{"href":"https:\/\/ladepeche.mr\/index.php?rest_route=\/wp\/v2\/types\/post"}],"author":[{"embeddable":true,"href":"https:\/\/ladepeche.mr\/index.php?rest_route=\/wp\/v2\/users\/2"}],"replies":[{"embeddable":true,"href":"https:\/\/ladepeche.mr\/index.php?rest_route=%2Fwp%2Fv2%2Fcomments&post=10621"}],"version-history":[{"count":3,"href":"https:\/\/ladepeche.mr\/index.php?rest_route=\/wp\/v2\/posts\/10621\/revisions"}],"predecessor-version":[{"id":10625,"href":"https:\/\/ladepeche.mr\/index.php?rest_route=\/wp\/v2\/posts\/10621\/revisions\/10625"}],"wp:featuredmedia":[{"embeddable":true,"href":"https:\/\/ladepeche.mr\/index.php?rest_route=\/wp\/v2\/media\/10622"}],"wp:attachment":[{"href":"https:\/\/ladepeche.mr\/index.php?rest_route=%2Fwp%2Fv2%2Fmedia&parent=10621"}],"wp:term":[{"taxonomy":"category","embeddable":true,"href":"https:\/\/ladepeche.mr\/index.php?rest_route=%2Fwp%2Fv2%2Fcategories&post=10621"},{"taxonomy":"post_tag","embeddable":true,"href":"https:\/\/ladepeche.mr\/index.php?rest_route=%2Fwp%2Fv2%2Ftags&post=10621"}],"curies":[{"name":"wp","href":"https:\/\/api.w.org\/{rel}","templated":true}]}}