{"id":10627,"date":"2024-08-14T10:12:55","date_gmt":"2024-08-14T10:12:55","guid":{"rendered":"https:\/\/ladepeche.mr\/?p=10627"},"modified":"2024-08-14T10:16:52","modified_gmt":"2024-08-14T10:16:52","slug":"mhuat-le-ministre-preside-une-reunion-elargie-au-cabinet","status":"publish","type":"post","link":"https:\/\/ladepeche.mr\/?p=10627","title":{"rendered":"MHUAT: Le Ministre pr\u00e9side une r\u00e9union \u00e9largie au Cabinet"},"content":{"rendered":"<div class=\"x11i5rnm xat24cr x1mh8g0r x1vvkbs xtlvy1s x126k92a\">\n<div dir=\"auto\">Le Ministre de l&#8217;Habitat, de l&#8217;Urbanisme et de l&#8217;Am\u00e9nagement du Territoire, M. Niang Mamoudou a pr\u00e9sid\u00e9, cet apr\u00e8s-midi, une r\u00e9union de cabinet, \u00e0 laquelle ont particip\u00e9 tous les Charg\u00e9s de Mission, Conseillers Techniques, Directeurs centraux, Inspecteurs et Directeurs des \u00e9tablissements publics sous tutelle.<\/div>\n<div dir=\"auto\"><\/div>\n<\/div>\n<div class=\"x11i5rnm xat24cr x1mh8g0r x1vvkbs xtlvy1s x126k92a\">\n<div dir=\"auto\">Monsieur le Ministre a incit\u00e9 tous les responsables du secteur \u00e0 faire preuve de responsabilit\u00e9 et d&#8217;esprit d\u2019\u00e9quipe et \u00e0 \u00eatre pleinement pr\u00e9par\u00e9s \u00e0 mettre en \u0153uvre le programme de Son Excellence le Pr\u00e9sident de la R\u00e9publique, M. Mohamed Ould Cheikh Al-Ghazouani, et la politique du Gouvernement de Son Excellence le Premier Ministre, M. Mokhtar Ould Djay, notamment dans les domaines de l&#8217;Habitat, de l&#8217;Urbanisme et de l&#8217;Am\u00e9nagement du Territoire.<\/div>\n<div dir=\"auto\"><img loading=\"lazy\" decoding=\"async\" class=\"wp-image-10629 aligncenter\" src=\"http:\/\/ladepeche.mr\/wp-content\/uploads\/2024\/08\/mhuat1.jpg\" alt=\"R\u00e9union du cabinet Mhuat\" width=\"784\" height=\"523\" \/><\/div>\n<div dir=\"auto\"><\/div>\n<\/div>\n<div class=\"x11i5rnm xat24cr x1mh8g0r x1vvkbs xtlvy1s x126k92a\">\n<div dir=\"auto\">Le Ministre a appel\u00e9 tous les responsables du secteur \u00e0 se conformer aux lois en vigueurs et \u00e0 accorder aux citoyens l&#8217;attention n\u00e9cessaire \u00e0 la r\u00e9solution leurs probl\u00e8mes.<\/div>\n<div dir=\"auto\">Au cours de la r\u00e9union, le Ministre a \u00e9galement soulign\u00e9 la n\u00e9cessit\u00e9 d&#8217;une transparence totale dans la gestion administrative et financi\u00e8re, et dans le suivi des projets r\u00e9alis\u00e9s par le d\u00e9partement, avec la c\u00e9l\u00e9rit\u00e9 et le professionnalisme requis. Son excellence Monsieur le ministre a aussi rappel\u00e9 l\u2019importance du respect des horaires de travail, ainsi que le respect de la hi\u00e9rarchie administrative et l\u2019implication de tout le personnel du Minist\u00e8re, afin de capitaliser l\u2019exp\u00e9rience de chacun.<\/div>\n<\/div>\n<div class=\"x11i5rnm xat24cr x1mh8g0r x1vvkbs xtlvy1s x126k92a\">\n<div dir=\"auto\">D\u2019autre part, le Ministre a confirm\u00e9 le r\u00f4le primordial que doit jouer le d\u00e9partement pour mettre en \u0153uvre le nouveau programme de S.E Monsieur le Pr\u00e9sident de la R\u00e9publique et de la confiance qui lui est accord\u00e9e.<\/div>\n<\/div>\n<div class=\"x11i5rnm xat24cr x1mh8g0r x1vvkbs xtlvy1s x126k92a\">\n<div dir=\"auto\">Finalement Le Ministre a promis de mettre \u00e0 disposition du d\u00e9partement tous les moyens n\u00e9cessaires \u00e0 l\u2019ex\u00e9cution de ses missions.<\/div>\n<\/div>\n<div class=\"x11i5rnm xat24cr x1mh8g0r x1vvkbs xtlvy1s x126k92a\">\n<div dir=\"auto\"><\/div>\n<\/div>\n","protected":false},"excerpt":{"rendered":"<p>Le Ministre de l&#8217;Habitat, de l&#8217;Urbanisme et de l&#8217;Am\u00e9nagement du Territoire, M. Niang Mamoudou a pr\u00e9sid\u00e9, cet apr\u00e8s-midi, une r\u00e9union de cabinet, \u00e0 laquelle ont particip\u00e9 tous les Charg\u00e9s de Mission, Conseillers Techniques, Directeurs centraux, Inspecteurs et Directeurs des \u00e9tablissements publics sous tutelle. Monsieur le Ministre a incit\u00e9 tous les responsables du secteur \u00e0 faire &hellip;<\/p>\n","protected":false},"author":2,"featured_media":10628,"comment_status":"open","ping_status":"open","sticky":false,"template":"","format":"standard","meta":{"footnotes":""},"categories":[18],"tags":[],"class_list":["post-10627","post","type-post","status-publish","format-standard","has-post-thumbnail","hentry","category-actualites"],"_links":{"self":[{"href":"https:\/\/ladepeche.mr\/index.php?rest_route=\/wp\/v2\/posts\/10627","targetHints":{"allow":["GET"]}}],"collection":[{"href":"https:\/\/ladepeche.mr\/index.php?rest_route=\/wp\/v2\/posts"}],"about":[{"href":"https:\/\/ladepeche.mr\/index.php?rest_route=\/wp\/v2\/types\/post"}],"author":[{"embeddable":true,"href":"https:\/\/ladepeche.mr\/index.php?rest_route=\/wp\/v2\/users\/2"}],"replies":[{"embeddable":true,"href":"https:\/\/ladepeche.mr\/index.php?rest_route=%2Fwp%2Fv2%2Fcomments&post=10627"}],"version-history":[{"count":2,"href":"https:\/\/ladepeche.mr\/index.php?rest_route=\/wp\/v2\/posts\/10627\/revisions"}],"predecessor-version":[{"id":10631,"href":"https:\/\/ladepeche.mr\/index.php?rest_route=\/wp\/v2\/posts\/10627\/revisions\/10631"}],"wp:featuredmedia":[{"embeddable":true,"href":"https:\/\/ladepeche.mr\/index.php?rest_route=\/wp\/v2\/media\/10628"}],"wp:attachment":[{"href":"https:\/\/ladepeche.mr\/index.php?rest_route=%2Fwp%2Fv2%2Fmedia&parent=10627"}],"wp:term":[{"taxonomy":"category","embeddable":true,"href":"https:\/\/ladepeche.mr\/index.php?rest_route=%2Fwp%2Fv2%2Fcategories&post=10627"},{"taxonomy":"post_tag","embeddable":true,"href":"https:\/\/ladepeche.mr\/index.php?rest_route=%2Fwp%2Fv2%2Ftags&post=10627"}],"curies":[{"name":"wp","href":"https:\/\/api.w.org\/{rel}","templated":true}]}}