{"id":10632,"date":"2024-08-14T11:40:31","date_gmt":"2024-08-14T11:40:31","guid":{"rendered":"https:\/\/ladepeche.mr\/?p=10632"},"modified":"2024-08-14T11:40:31","modified_gmt":"2024-08-14T11:40:31","slug":"la-star-mauritanienne-aziz-fashion-recue-par-monsieur-mansour-ndiaye-representant-resident-du-pnud-en-mauritanie","status":"publish","type":"post","link":"https:\/\/ladepeche.mr\/?p=10632","title":{"rendered":"La star mauritanienne Aziz Fashion re\u00e7ue par Monsieur Mansour Ndiaye, Repr\u00e9sentant r\u00e9sident du PNUD en Mauritanie"},"content":{"rendered":"<p>Monsieur Mansour Ndiaye, Repr\u00e9sentant r\u00e9sident du Programme des Nations Unies pour le D\u00e9veloppement (PNUD) en Mauritanie, a re\u00e7u la star mauritanienne Aziz Fashion, Ambassadeur de la culture mauritanienne, Conseiller au parti INSAF Culture et Jeunesse, Ambassadeur de la Coordination des Acteurs Culturels de Mauritanie.<\/p>\n<p>Le designer mauritanien Aziz Fashion a \u00e9t\u00e9 tr\u00e8s honor\u00e9 d\u2019\u00e9changer avec le Repr\u00e9sentant r\u00e9sident du PNUD en Mauritanie, Mansour Ndiaye.<\/p>\n<p>A cette occasion, Monsieur le Repr\u00e9sentant r\u00e9sident du PNUD en Mauritanie a vivement encourag\u00e9 Monsieur Aziz Fashion pour son engagement pour le d\u00e9veloppement de la culture mauritanienne dans sa riche diversit\u00e9 culturelle et de porter haut le drapeau mauritanien partout dans le monde dans le domaine de la culture, de la jeunesse et des arts.<\/p>\n<p>Lors de cette rencontre, Monsieur Aziz Fashion et Monsieur Mansour Ndiaye ont aussi \u00e9chang\u00e9 sur les Objectifs du D\u00e9veloppement Durable (ODD).<\/p>\n<p>La star mauritanienne Aziz Fashion, Ambassadeur de la culture mauritanienne, Conseiller au parti INSAF Culture et Jeunesse, Ambassadeur de la Coordination des Acteurs Culturels de Mauritanie, remercie vivement M. Mansour Ndiaye, Repr\u00e9sentant r\u00e9sident du PNUD en Mauritanie, et lui souhaite plein succ\u00e8s dans sa mission en Mauritanie.<\/p>\n<p><strong>Cellule de Communication<br \/>\nAziz Fashion<\/strong><\/p>\n","protected":false},"excerpt":{"rendered":"<p>Monsieur Mansour Ndiaye, Repr\u00e9sentant r\u00e9sident du Programme des Nations Unies pour le D\u00e9veloppement (PNUD) en Mauritanie, a re\u00e7u la star mauritanienne Aziz Fashion, Ambassadeur de la culture mauritanienne, Conseiller au parti INSAF Culture et Jeunesse, Ambassadeur de la Coordination des Acteurs Culturels de Mauritanie. Le designer mauritanien Aziz Fashion a \u00e9t\u00e9 tr\u00e8s honor\u00e9 d\u2019\u00e9changer avec &hellip;<\/p>\n","protected":false},"author":2,"featured_media":10633,"comment_status":"open","ping_status":"open","sticky":false,"template":"","format":"standard","meta":{"footnotes":""},"categories":[18,15],"tags":[],"class_list":["post-10632","post","type-post","status-publish","format-standard","has-post-thumbnail","hentry","category-actualites","category-culture"],"_links":{"self":[{"href":"https:\/\/ladepeche.mr\/index.php?rest_route=\/wp\/v2\/posts\/10632","targetHints":{"allow":["GET"]}}],"collection":[{"href":"https:\/\/ladepeche.mr\/index.php?rest_route=\/wp\/v2\/posts"}],"about":[{"href":"https:\/\/ladepeche.mr\/index.php?rest_route=\/wp\/v2\/types\/post"}],"author":[{"embeddable":true,"href":"https:\/\/ladepeche.mr\/index.php?rest_route=\/wp\/v2\/users\/2"}],"replies":[{"embeddable":true,"href":"https:\/\/ladepeche.mr\/index.php?rest_route=%2Fwp%2Fv2%2Fcomments&post=10632"}],"version-history":[{"count":1,"href":"https:\/\/ladepeche.mr\/index.php?rest_route=\/wp\/v2\/posts\/10632\/revisions"}],"predecessor-version":[{"id":10634,"href":"https:\/\/ladepeche.mr\/index.php?rest_route=\/wp\/v2\/posts\/10632\/revisions\/10634"}],"wp:featuredmedia":[{"embeddable":true,"href":"https:\/\/ladepeche.mr\/index.php?rest_route=\/wp\/v2\/media\/10633"}],"wp:attachment":[{"href":"https:\/\/ladepeche.mr\/index.php?rest_route=%2Fwp%2Fv2%2Fmedia&parent=10632"}],"wp:term":[{"taxonomy":"category","embeddable":true,"href":"https:\/\/ladepeche.mr\/index.php?rest_route=%2Fwp%2Fv2%2Fcategories&post=10632"},{"taxonomy":"post_tag","embeddable":true,"href":"https:\/\/ladepeche.mr\/index.php?rest_route=%2Fwp%2Fv2%2Ftags&post=10632"}],"curies":[{"name":"wp","href":"https:\/\/api.w.org\/{rel}","templated":true}]}}