{"id":10638,"date":"2024-08-14T12:45:19","date_gmt":"2024-08-14T12:45:19","guid":{"rendered":"https:\/\/ladepeche.mr\/?p=10638"},"modified":"2024-08-14T12:01:59","modified_gmt":"2024-08-14T12:01:59","slug":"atelier-de-renforcement-des-capacites-des-experts-nationaux-sur-le-programme-de-lautorite-gouvernementale-pour-les-etudes-climatiques","status":"publish","type":"post","link":"https:\/\/ladepeche.mr\/?p=10638","title":{"rendered":"Atelier de renforcement des capacit\u00e9s des experts nationaux sur le programme de l\u2019Autorit\u00e9 gouvernementale pour les \u00e9tudes climatiques"},"content":{"rendered":"<p>Un atelier de renforcement des capacit\u00e9s des experts nationaux des secteurs de r\u00e9duction sur le programme du Groupe d\u2019experts intergouvernemental sur l\u2019\u00e9volution du climat (GIEC), organis\u00e9 en coop\u00e9ration entre le minist\u00e8re de l\u2019Environnement et du D\u00e9veloppement durable et le Programme des Nations unies pour le d\u00e9veloppement (PNUD), a d\u00e9marr\u00e9 mardi \u00e0 Tiguent, dans la wilaya du Trarza.<\/p>\n<p>L\u2019atelier vise \u00e0 fournir aux experts nationaux des secteurs de r\u00e9duction la derni\u00e8re version du logiciel IPCC 2.92 2006, d\u00e9velopp\u00e9 par le Groupe d\u2019experts intergouvernemental sur l\u2019\u00e9volution du climat (GIEC) pour l\u2019enregistrement des donn\u00e9es d\u2019inventaire des gaz.<\/p>\n<p>Des repr\u00e9sentants des d\u00e9partements de l\u2019Int\u00e9rieur, de l\u2019Environnement, de la P\u00eache, de la Transformation num\u00e9rique, du Transport, de l\u2019Habitat, de la Sant\u00e9, de l\u2019Agriculture et de l\u2019Elevage participent \u00e0 l\u2019atelier.<\/p>\n<p>Le secr\u00e9taire g\u00e9n\u00e9ral du minist\u00e8re de l\u2019Environnement et du D\u00e9veloppement durable, M. Mohamed El Moustapha Idoumou Abdi Jiyid, a expliqu\u00e9 que la Mauritanie est signataire des Objectifs de d\u00e9veloppement durable (ODD) et signataire de l\u2019Accord de Paris sur le climat de 2015.<\/p>\n<p>Il a ajout\u00e9 que cet engagement implique un certain nombre de pr\u00e9paratifs que les signataires doivent faire \u00e0 la CCNUCC, qui doit fournir \u00e0 cette institution onusienne le rapport dit \u201cRapport biennal de transparence\u201d avant le 31 d\u00e9cembre 2024, y compris des donn\u00e9es fiables sur l\u2019inventaire des gaz \u00e0 effet de serre, conform\u00e9ment aux proc\u00e9dures, modalit\u00e9s et lignes directrices du cadre de transparence renforc\u00e9, des informations sur les effets du changement climatique en mati\u00e8re d\u2019att\u00e9nuation et d\u2019adaptation, conform\u00e9ment au chapitre 4 des lignes directrices, et des informations sur les besoins en mati\u00e8re de soutien financier, de transfert de technologies et de renforcement des capacit\u00e9s, conform\u00e9ment au chapitre 6 des lignes directrices.<\/p>\n<p>Le Secr\u00e9taire g\u00e9n\u00e9ral a remerci\u00e9 tous les partenaires au d\u00e9veloppement, en particulier le Programme des Nations Unies pour le D\u00e9veloppement (PNUD).<\/p>\n<p>M. Dia Ousmane, fonctionnaire du PNUD, a salu\u00e9 le niveau de partenariat entre le PNUD et le Minist\u00e8re de l\u2019Environnement et du D\u00e9veloppement Durable dans tous les domaines de l\u2019environnement, et a exprim\u00e9 la disponibilit\u00e9 permanente du PNUD \u00e0 coop\u00e9rer avec l\u2019Etat mauritanien et \u00e0 soutenir ses efforts dans le domaine de la pr\u00e9servation de l\u2019environnement.<\/p>\n<p>Pour sa part, M. Sow Mohamedou, directeur adjoint de la direction du climat et de l\u2019\u00e9conomie verte au minist\u00e8re de l\u2019environnement et du d\u00e9veloppement durable, a expliqu\u00e9 que cette formation permettra aux b\u00e9n\u00e9ficiaires de soumettre des rapports scientifiques sur la base desquels seront \u00e9labor\u00e9es les politiques n\u00e9cessaires \u00e0 l\u2019att\u00e9nuation des changements climatiques et \u00e0 la programmation dans le domaine des gaz \u00e0 effet de serre.<\/p>\n<p>Pour sa part, le maire adjoint de la commune de Tiguent, M. Mokhtar Salem Bedi, a salu\u00e9 l\u2019organisation de cet important atelier dans cette ville, en souhaitant aux participants d\u2019en tirer le plus grand profit.<\/p>\n<p>Ami<\/p>\n","protected":false},"excerpt":{"rendered":"<p>Un atelier de renforcement des capacit\u00e9s des experts nationaux des secteurs de r\u00e9duction sur le programme du Groupe d\u2019experts intergouvernemental sur l\u2019\u00e9volution du climat (GIEC), organis\u00e9 en coop\u00e9ration entre le minist\u00e8re de l\u2019Environnement et du D\u00e9veloppement durable et le Programme des Nations unies pour le d\u00e9veloppement (PNUD), a d\u00e9marr\u00e9 mardi \u00e0 Tiguent, dans la wilaya &hellip;<\/p>\n","protected":false},"author":2,"featured_media":10639,"comment_status":"open","ping_status":"open","sticky":false,"template":"","format":"standard","meta":{"footnotes":""},"categories":[18],"tags":[],"class_list":["post-10638","post","type-post","status-publish","format-standard","has-post-thumbnail","hentry","category-actualites"],"_links":{"self":[{"href":"https:\/\/ladepeche.mr\/index.php?rest_route=\/wp\/v2\/posts\/10638","targetHints":{"allow":["GET"]}}],"collection":[{"href":"https:\/\/ladepeche.mr\/index.php?rest_route=\/wp\/v2\/posts"}],"about":[{"href":"https:\/\/ladepeche.mr\/index.php?rest_route=\/wp\/v2\/types\/post"}],"author":[{"embeddable":true,"href":"https:\/\/ladepeche.mr\/index.php?rest_route=\/wp\/v2\/users\/2"}],"replies":[{"embeddable":true,"href":"https:\/\/ladepeche.mr\/index.php?rest_route=%2Fwp%2Fv2%2Fcomments&post=10638"}],"version-history":[{"count":1,"href":"https:\/\/ladepeche.mr\/index.php?rest_route=\/wp\/v2\/posts\/10638\/revisions"}],"predecessor-version":[{"id":10640,"href":"https:\/\/ladepeche.mr\/index.php?rest_route=\/wp\/v2\/posts\/10638\/revisions\/10640"}],"wp:featuredmedia":[{"embeddable":true,"href":"https:\/\/ladepeche.mr\/index.php?rest_route=\/wp\/v2\/media\/10639"}],"wp:attachment":[{"href":"https:\/\/ladepeche.mr\/index.php?rest_route=%2Fwp%2Fv2%2Fmedia&parent=10638"}],"wp:term":[{"taxonomy":"category","embeddable":true,"href":"https:\/\/ladepeche.mr\/index.php?rest_route=%2Fwp%2Fv2%2Fcategories&post=10638"},{"taxonomy":"post_tag","embeddable":true,"href":"https:\/\/ladepeche.mr\/index.php?rest_route=%2Fwp%2Fv2%2Ftags&post=10638"}],"curies":[{"name":"wp","href":"https:\/\/api.w.org\/{rel}","templated":true}]}}