{"id":10641,"date":"2024-08-14T13:45:48","date_gmt":"2024-08-14T13:45:48","guid":{"rendered":"https:\/\/ladepeche.mr\/?p=10641"},"modified":"2024-08-14T12:57:02","modified_gmt":"2024-08-14T12:57:02","slug":"hivernage-lonm-met-en-garde-contre-des-pluies-parfois-diluviennes","status":"publish","type":"post","link":"https:\/\/ladepeche.mr\/?p=10641","title":{"rendered":"Hivernage: L&#8217;ONM met en garde contre des pluies parfois diluviennes"},"content":{"rendered":"<h1 class=\"single-post-title\"><span style=\"font-size: 16px; font-weight: 400;\">L\u2019Office National de M\u00e9t\u00e9orologie (ONM) indique dans un communiqu\u00e9 dont copie est parvenue, hier lundi soir l\u2019AMI, que la situation m\u00e9t\u00e9orologique sera propice \u00e0 la formation des nuages convectifs qui se d\u00e9placent de l\u2019est vers l\u2019ouest de la Mauritanie pouvant entrainer des pr\u00e9cipitations mod\u00e9r\u00e9es \u00e0 fortes et parfois tr\u00e8s fortes d\u00e9passant le seuil des 90 mm dans certaines zones avec une vitesse de vents parfois assez fortes, notamment dans les deux Hodhs, l\u2019Assaba, le Tagant, l\u2019Adrar, le Guidimagha, le Gorgol et le Brakna.<\/span><\/h1>\n<article id=\"post-252136\" class=\"post-252136 post type-post status-publish format-standard has-post-thumbnail category-autres category-fil-dactualite category-mauritanie single-post-content has-thumbnail\">\n<div class=\"entry-content clearfix single-post-content\">\n<p>Le directeur des pr\u00e9visions de l\u2019ONM, M. Sidi Ould Mohamed lemine, qui a demand\u00e9 aux populations de faire preuve de prudence, et de se tenir loin des cours d\u2019eau et des habitations fragiles, a pr\u00e9cis\u00e9, dans un pr\u00e9c\u00e9dent entretien accord\u00e9 \u00e0 l\u2019MI, que les pr\u00e9visions des mod\u00e8les climatiques des centres internationaux sp\u00e9cialis\u00e9s, montrent que les conditions thermiques pour l\u2019ann\u00e9e 2024 pourraient \u00eatre favorables \u00e0 l\u2019enregistrement de cumuls pluviom\u00e9triques mod\u00e9r\u00e9s \u00e0 exc\u00e9dentaires en Mauritanie au cours de la p\u00e9riode s\u2019\u00e9talant sur les mois de juin, juillet et ao\u00fbt.<\/p>\n<p>Le directeur des pr\u00e9visions note que tous les indicateurs enregistr\u00e9s dans les bassins oc\u00e9aniques, leurs tendances futures, les r\u00e9sultats des m\u00e9thodes statistiques et dynamiques, et les pr\u00e9visions des mod\u00e8les climatiques des centres internationaux sp\u00e9cialis\u00e9s, montrent que les conditions thermiques pour cette ann\u00e9e 2024 pourraient \u00eatre favorables \u00e0 l\u2019enregistrement de cumuls pluviom\u00e9triques mod\u00e9r\u00e9s \u00e0 exc\u00e9dentaires dans notre pays au cours de la m\u00eame p\u00e9riode.<\/p>\n<p>\u00ab Ces indicateurs pr\u00e9sagent que les pr\u00e9cipitations, cette ann\u00e9e, se produiront pendant leur p\u00e9riode normale dans la plupart des wilayas du pays, avec un d\u00e9but pr\u00e9coce \u00bb, a-t-il soulign\u00e9.<\/p>\n<p>M. Sidi Ould Mohamed Lemine assure, enfin, que la fin de la saison des pluies cette ann\u00e9e se fera \u00e0 temps, avec la possibilit\u00e9 de pr\u00e9cipitations tardives.<\/p>\n<div class=\"heateorSssClear\">(Titre LDM)<\/div>\n<div class=\"heateor_sss_sharing_container heateor_sss_horizontal_sharing\" data-heateor-sss-href=\"https:\/\/ami.mr\/fr\/archives\/252136\">\n<div class=\"heateorSssClear\"><\/div>\n<\/div>\n<div class=\"heateorSssClear\"><\/div>\n<\/div>\n<\/article>\n<section class=\"next-prev-post clearfix\">\n<div class=\"prev-post\">\n<p class=\"pre-title heading-typo\">\n<\/div>\n<\/section>\n","protected":false},"excerpt":{"rendered":"<p>L\u2019Office National de M\u00e9t\u00e9orologie (ONM) indique dans un communiqu\u00e9 dont copie est parvenue, hier lundi soir l\u2019AMI, que la situation m\u00e9t\u00e9orologique sera propice \u00e0 la formation des nuages convectifs qui se d\u00e9placent de l\u2019est vers l\u2019ouest de la Mauritanie pouvant entrainer des pr\u00e9cipitations mod\u00e9r\u00e9es \u00e0 fortes et parfois tr\u00e8s fortes d\u00e9passant le seuil des 90 &hellip;<\/p>\n","protected":false},"author":2,"featured_media":10282,"comment_status":"open","ping_status":"open","sticky":false,"template":"","format":"standard","meta":{"footnotes":""},"categories":[18],"tags":[],"class_list":["post-10641","post","type-post","status-publish","format-standard","has-post-thumbnail","hentry","category-actualites"],"_links":{"self":[{"href":"https:\/\/ladepeche.mr\/index.php?rest_route=\/wp\/v2\/posts\/10641","targetHints":{"allow":["GET"]}}],"collection":[{"href":"https:\/\/ladepeche.mr\/index.php?rest_route=\/wp\/v2\/posts"}],"about":[{"href":"https:\/\/ladepeche.mr\/index.php?rest_route=\/wp\/v2\/types\/post"}],"author":[{"embeddable":true,"href":"https:\/\/ladepeche.mr\/index.php?rest_route=\/wp\/v2\/users\/2"}],"replies":[{"embeddable":true,"href":"https:\/\/ladepeche.mr\/index.php?rest_route=%2Fwp%2Fv2%2Fcomments&post=10641"}],"version-history":[{"count":1,"href":"https:\/\/ladepeche.mr\/index.php?rest_route=\/wp\/v2\/posts\/10641\/revisions"}],"predecessor-version":[{"id":10642,"href":"https:\/\/ladepeche.mr\/index.php?rest_route=\/wp\/v2\/posts\/10641\/revisions\/10642"}],"wp:featuredmedia":[{"embeddable":true,"href":"https:\/\/ladepeche.mr\/index.php?rest_route=\/wp\/v2\/media\/10282"}],"wp:attachment":[{"href":"https:\/\/ladepeche.mr\/index.php?rest_route=%2Fwp%2Fv2%2Fmedia&parent=10641"}],"wp:term":[{"taxonomy":"category","embeddable":true,"href":"https:\/\/ladepeche.mr\/index.php?rest_route=%2Fwp%2Fv2%2Fcategories&post=10641"},{"taxonomy":"post_tag","embeddable":true,"href":"https:\/\/ladepeche.mr\/index.php?rest_route=%2Fwp%2Fv2%2Ftags&post=10641"}],"curies":[{"name":"wp","href":"https:\/\/api.w.org\/{rel}","templated":true}]}}