{"id":10643,"date":"2024-08-14T13:08:51","date_gmt":"2024-08-14T13:08:51","guid":{"rendered":"https:\/\/ladepeche.mr\/?p=10643"},"modified":"2024-08-14T13:15:49","modified_gmt":"2024-08-14T13:15:49","slug":"securite-la-dgsn-met-en-ligne-un-numero-vert-pour-abus-de-pouvoir-dagents","status":"publish","type":"post","link":"https:\/\/ladepeche.mr\/?p=10643","title":{"rendered":"S\u00e9curit\u00e9\u00a0: La DGSN met en ligne un num\u00e9ro vert pour d\u00e9noncer les abus de pouvoir de ses agents"},"content":{"rendered":"<p>La direction g\u00e9n\u00e9rale de la suret\u00e9 nationale a mis en ligne le num\u00e9ro vert \u00ab\u00a0190\u00a0\u00bb \u00e0 l\u2019adresse des citoyens et r\u00e9sidents \u00e9trangers en Mauritanie victimes \u00e9ventuelles d\u2019abus d\u2019agents de la police, annonce une note de la DGSN.<\/p>\n<p>Ce num\u00e9ro vert permet aux victimes de prendre contact avec leur hi\u00e9rarchie et pour traiter leur d\u00e9nonciation. Le num\u00e9ro sera actif tout le long des jours ouvrables dans le pays confirme la m\u00eame note de la DG de la suret\u00e9 nationale.<\/p>\n<p>Pour certaines sources, cette r\u00e9activation du num\u00e9ro vert correspondrait \u00e0 une application de lutte engag\u00e9e contre la corruption dans le corps de la police mauritanienne par le nouveau gouvernement.<\/p>\n","protected":false},"excerpt":{"rendered":"<p>La direction g\u00e9n\u00e9rale de la suret\u00e9 nationale a mis en ligne le num\u00e9ro vert \u00ab\u00a0190\u00a0\u00bb \u00e0 l\u2019adresse des citoyens et r\u00e9sidents \u00e9trangers en Mauritanie victimes \u00e9ventuelles d\u2019abus d\u2019agents de la police, annonce une note de la DGSN. Ce num\u00e9ro vert permet aux victimes de prendre contact avec leur hi\u00e9rarchie et pour traiter leur d\u00e9nonciation. Le &hellip;<\/p>\n","protected":false},"author":2,"featured_media":10644,"comment_status":"open","ping_status":"open","sticky":false,"template":"","format":"standard","meta":{"footnotes":""},"categories":[18],"tags":[],"class_list":["post-10643","post","type-post","status-publish","format-standard","has-post-thumbnail","hentry","category-actualites"],"_links":{"self":[{"href":"https:\/\/ladepeche.mr\/index.php?rest_route=\/wp\/v2\/posts\/10643","targetHints":{"allow":["GET"]}}],"collection":[{"href":"https:\/\/ladepeche.mr\/index.php?rest_route=\/wp\/v2\/posts"}],"about":[{"href":"https:\/\/ladepeche.mr\/index.php?rest_route=\/wp\/v2\/types\/post"}],"author":[{"embeddable":true,"href":"https:\/\/ladepeche.mr\/index.php?rest_route=\/wp\/v2\/users\/2"}],"replies":[{"embeddable":true,"href":"https:\/\/ladepeche.mr\/index.php?rest_route=%2Fwp%2Fv2%2Fcomments&post=10643"}],"version-history":[{"count":5,"href":"https:\/\/ladepeche.mr\/index.php?rest_route=\/wp\/v2\/posts\/10643\/revisions"}],"predecessor-version":[{"id":10649,"href":"https:\/\/ladepeche.mr\/index.php?rest_route=\/wp\/v2\/posts\/10643\/revisions\/10649"}],"wp:featuredmedia":[{"embeddable":true,"href":"https:\/\/ladepeche.mr\/index.php?rest_route=\/wp\/v2\/media\/10644"}],"wp:attachment":[{"href":"https:\/\/ladepeche.mr\/index.php?rest_route=%2Fwp%2Fv2%2Fmedia&parent=10643"}],"wp:term":[{"taxonomy":"category","embeddable":true,"href":"https:\/\/ladepeche.mr\/index.php?rest_route=%2Fwp%2Fv2%2Fcategories&post=10643"},{"taxonomy":"post_tag","embeddable":true,"href":"https:\/\/ladepeche.mr\/index.php?rest_route=%2Fwp%2Fv2%2Ftags&post=10643"}],"curies":[{"name":"wp","href":"https:\/\/api.w.org\/{rel}","templated":true}]}}