{"id":10653,"date":"2024-08-14T15:45:27","date_gmt":"2024-08-14T15:45:27","guid":{"rendered":"https:\/\/ladepeche.mr\/?p=10653"},"modified":"2024-08-14T14:07:07","modified_gmt":"2024-08-14T14:07:07","slug":"lansade-enregistre-une-hausse-de-04-de-lindice-des-prix-a-la-consommation-en-juillet","status":"publish","type":"post","link":"https:\/\/ladepeche.mr\/?p=10653","title":{"rendered":"L\u2019ANSADE enregistre une hausse de 0,4 % de l\u2019indice des prix \u00e0 la consommation en juillet"},"content":{"rendered":"<p>L\u2019agence nationale de la statistique et de l\u2019analyse d\u00e9mographique et \u00e9conomique (ANSADE) a enregistr\u00e9 dans son bulletin mensuel une hausse de l\u2019indice des prix \u00e0 la consommation (IPC) en juillet dernier de 0,4% par rapport au mois pr\u00e9c\u00e9dent, ce qui fait que le taux d\u2019inflation a atteint 2,5% selon la variation des douze derniers mois et 3,0% en glissement annuel.<\/p>\n<p>L\u2019Agence a not\u00e9 dans son bulletin que le taux d\u2019inflation a diminu\u00e9 en juillet \u00e0 2,5 % contre 2,6 % en juin.<\/p>\n<p>L\u2019agence a attribu\u00e9 cette baisse principalement \u00e0 un ralentissement de la hausse des prix du groupe des produits alimentaires et des boissons non alcoolis\u00e9es \u00e0 1,27 % contre 1,31 % en juin.<\/p>\n<p>Selon le bulletin, l\u2019augmentation de 0,6 % des prix des produits alimentaires et des boissons non alcoolis\u00e9es par rapport \u00e0 leurs prix de juin est principalement due \u00e0 l\u2019augmentation des prix des sous-groupes suivants : \u00ab fruits \u00ab (+2,8%), \u201c poissons et fruits de mer \u201d (+2,7%), \u201c caf\u00e9, th\u00e9 et cacao \u201d (+0,2%), \u201c huiles et graisses \u201d (+2,1%), \u201c l\u00e9gumes \u201d (+1,1%), \u201c viande \u201d (+0,6%), \u201c lait, fromage et \u0153ufs \u201d (+0,5%), et \u201c sucre, confiture, miel, chocolat et confiserie \u201d (+0,2%).<\/p>\n<p>La hausse des prix de ces produits alimentaires a \u00e9t\u00e9 partiellement compens\u00e9e par une baisse dans le groupe des pains et c\u00e9r\u00e9ales, qui a diminu\u00e9 de 0,3%.<\/p>\n<p>Selon le bulletin, les prix des transports ont augment\u00e9 de 0,1% en juillet, notant que la hausse des prix de cette fonction de consommation est principalement due \u00e0 l\u2019augmentation des prix des deux sous-groupes de l\u2019entretien et de la r\u00e9paration des voitures particuli\u00e8res (+0,2%) et du transport routier de personnes (+1,0%).<\/p>\n<p>Ami<\/p>\n","protected":false},"excerpt":{"rendered":"<p>L\u2019agence nationale de la statistique et de l\u2019analyse d\u00e9mographique et \u00e9conomique (ANSADE) a enregistr\u00e9 dans son bulletin mensuel une hausse de l\u2019indice des prix \u00e0 la consommation (IPC) en juillet dernier de 0,4% par rapport au mois pr\u00e9c\u00e9dent, ce qui fait que le taux d\u2019inflation a atteint 2,5% selon la variation des douze derniers mois &hellip;<\/p>\n","protected":false},"author":2,"featured_media":10654,"comment_status":"open","ping_status":"open","sticky":false,"template":"","format":"standard","meta":{"footnotes":""},"categories":[18,2],"tags":[],"class_list":["post-10653","post","type-post","status-publish","format-standard","has-post-thumbnail","hentry","category-actualites","category-economie"],"_links":{"self":[{"href":"https:\/\/ladepeche.mr\/index.php?rest_route=\/wp\/v2\/posts\/10653","targetHints":{"allow":["GET"]}}],"collection":[{"href":"https:\/\/ladepeche.mr\/index.php?rest_route=\/wp\/v2\/posts"}],"about":[{"href":"https:\/\/ladepeche.mr\/index.php?rest_route=\/wp\/v2\/types\/post"}],"author":[{"embeddable":true,"href":"https:\/\/ladepeche.mr\/index.php?rest_route=\/wp\/v2\/users\/2"}],"replies":[{"embeddable":true,"href":"https:\/\/ladepeche.mr\/index.php?rest_route=%2Fwp%2Fv2%2Fcomments&post=10653"}],"version-history":[{"count":1,"href":"https:\/\/ladepeche.mr\/index.php?rest_route=\/wp\/v2\/posts\/10653\/revisions"}],"predecessor-version":[{"id":10655,"href":"https:\/\/ladepeche.mr\/index.php?rest_route=\/wp\/v2\/posts\/10653\/revisions\/10655"}],"wp:featuredmedia":[{"embeddable":true,"href":"https:\/\/ladepeche.mr\/index.php?rest_route=\/wp\/v2\/media\/10654"}],"wp:attachment":[{"href":"https:\/\/ladepeche.mr\/index.php?rest_route=%2Fwp%2Fv2%2Fmedia&parent=10653"}],"wp:term":[{"taxonomy":"category","embeddable":true,"href":"https:\/\/ladepeche.mr\/index.php?rest_route=%2Fwp%2Fv2%2Fcategories&post=10653"},{"taxonomy":"post_tag","embeddable":true,"href":"https:\/\/ladepeche.mr\/index.php?rest_route=%2Fwp%2Fv2%2Ftags&post=10653"}],"curies":[{"name":"wp","href":"https:\/\/api.w.org\/{rel}","templated":true}]}}