{"id":10659,"date":"2024-08-14T14:51:40","date_gmt":"2024-08-14T14:51:40","guid":{"rendered":"https:\/\/ladepeche.mr\/?p=10659"},"modified":"2024-08-14T14:51:40","modified_gmt":"2024-08-14T14:51:40","slug":"politique-deux-nouveaux-conseillers-a-la-presidence-de-la-republique","status":"publish","type":"post","link":"https:\/\/ladepeche.mr\/?p=10659","title":{"rendered":"Politique\u00a0: Deux nouveaux conseillers \u00e0 la pr\u00e9sidence de la R\u00e9publique"},"content":{"rendered":"<p>Par d\u00e9crets pris par le pr\u00e9sident de la R\u00e9publique, on annonce mercredi, les nominations de MM. Tall Ousmane est nomm\u00e9 conseiller \u00e0 la Pr\u00e9sidence de la R\u00e9publique et de Sidi Ould Moulaye Zeine.<\/p>\n<p>Les deux hommes remplaceraient \u00e0 leurs postes rest\u00e9s vacants par Mohamed Ould Soueidate, nomm\u00e9 ministre, et Cheikh Ould Beda, nomm\u00e9 aux commandes de \u00ab\u00a0Taazour\u00a0\u00bb.<\/p>\n","protected":false},"excerpt":{"rendered":"<p>Par d\u00e9crets pris par le pr\u00e9sident de la R\u00e9publique, on annonce mercredi, les nominations de MM. Tall Ousmane est nomm\u00e9 conseiller \u00e0 la Pr\u00e9sidence de la R\u00e9publique et de Sidi Ould Moulaye Zeine. Les deux hommes remplaceraient \u00e0 leurs postes rest\u00e9s vacants par Mohamed Ould Soueidate, nomm\u00e9 ministre, et Cheikh Ould Beda, nomm\u00e9 aux commandes &hellip;<\/p>\n","protected":false},"author":2,"featured_media":9371,"comment_status":"open","ping_status":"open","sticky":false,"template":"","format":"standard","meta":{"footnotes":""},"categories":[18],"tags":[],"class_list":["post-10659","post","type-post","status-publish","format-standard","has-post-thumbnail","hentry","category-actualites"],"_links":{"self":[{"href":"https:\/\/ladepeche.mr\/index.php?rest_route=\/wp\/v2\/posts\/10659","targetHints":{"allow":["GET"]}}],"collection":[{"href":"https:\/\/ladepeche.mr\/index.php?rest_route=\/wp\/v2\/posts"}],"about":[{"href":"https:\/\/ladepeche.mr\/index.php?rest_route=\/wp\/v2\/types\/post"}],"author":[{"embeddable":true,"href":"https:\/\/ladepeche.mr\/index.php?rest_route=\/wp\/v2\/users\/2"}],"replies":[{"embeddable":true,"href":"https:\/\/ladepeche.mr\/index.php?rest_route=%2Fwp%2Fv2%2Fcomments&post=10659"}],"version-history":[{"count":1,"href":"https:\/\/ladepeche.mr\/index.php?rest_route=\/wp\/v2\/posts\/10659\/revisions"}],"predecessor-version":[{"id":10660,"href":"https:\/\/ladepeche.mr\/index.php?rest_route=\/wp\/v2\/posts\/10659\/revisions\/10660"}],"wp:featuredmedia":[{"embeddable":true,"href":"https:\/\/ladepeche.mr\/index.php?rest_route=\/wp\/v2\/media\/9371"}],"wp:attachment":[{"href":"https:\/\/ladepeche.mr\/index.php?rest_route=%2Fwp%2Fv2%2Fmedia&parent=10659"}],"wp:term":[{"taxonomy":"category","embeddable":true,"href":"https:\/\/ladepeche.mr\/index.php?rest_route=%2Fwp%2Fv2%2Fcategories&post=10659"},{"taxonomy":"post_tag","embeddable":true,"href":"https:\/\/ladepeche.mr\/index.php?rest_route=%2Fwp%2Fv2%2Ftags&post=10659"}],"curies":[{"name":"wp","href":"https:\/\/api.w.org\/{rel}","templated":true}]}}