{"id":10661,"date":"2024-08-14T15:13:47","date_gmt":"2024-08-14T15:13:47","guid":{"rendered":"https:\/\/ladepeche.mr\/?p=10661"},"modified":"2024-08-14T15:53:02","modified_gmt":"2024-08-14T15:53:02","slug":"conseil-des-ministres-plusieurs-sg-nommes-au-cours-de-la-reunion-hebdomadaire","status":"publish","type":"post","link":"https:\/\/ladepeche.mr\/?p=10661","title":{"rendered":"Conseil des ministres\u00a0: Plusieurs SG nomm\u00e9s au cours de la r\u00e9union hebdomadaire"},"content":{"rendered":"<p>Les nominations concerneraient, SEM. Ambassadeur, Abdellahi Ould Kebd, ex-porte parole du candidat Ghazouani, devenu secr\u00e9taire g\u00e9n\u00e9ral du Minist\u00e8re des affaires \u00e9trang\u00e8res, de la coop\u00e9ration africaine et des mauritaniens de l\u2019\u00e9tranger, Abderrahman Hassen, Minist\u00e8re de l&#8217;Int\u00e9rieur et de la D\u00e9centralisation, Hamoudi Cheikhna, au Minist\u00e8re de l\u2019action sociale, de l\u2019enfance et de la Famille, Sidi Mohamed Ould Jeddou, au Minist\u00e8re de la Culture, des Arts, de la Communication et des relations avec le Parlement et \u00a0Mohamed Mahmoud Ould Abdoullah, au Minist\u00e8re de l\u2019\u00e9levage.<\/p>\n<p><strong>Erratum<\/strong><\/p>\n<p>Abdellahi Kebd d\u00e9ment sa nomination<\/p>\n<p><img loading=\"lazy\" decoding=\"async\" class=\" wp-image-10665 alignleft\" src=\"http:\/\/ladepeche.mr\/wp-content\/uploads\/2024\/08\/kebd1-150x150.jpg\" alt=\"\" width=\"174\" height=\"174\" \/><\/p>\n","protected":false},"excerpt":{"rendered":"<p>Les nominations concerneraient, SEM. Ambassadeur, Abdellahi Ould Kebd, ex-porte parole du candidat Ghazouani, devenu secr\u00e9taire g\u00e9n\u00e9ral du Minist\u00e8re des affaires \u00e9trang\u00e8res, de la coop\u00e9ration africaine et des mauritaniens de l\u2019\u00e9tranger, Abderrahman Hassen, Minist\u00e8re de l&#8217;Int\u00e9rieur et de la D\u00e9centralisation, Hamoudi Cheikhna, au Minist\u00e8re de l\u2019action sociale, de l\u2019enfance et de la Famille, Sidi Mohamed Ould &hellip;<\/p>\n","protected":false},"author":2,"featured_media":10415,"comment_status":"open","ping_status":"open","sticky":false,"template":"","format":"standard","meta":{"footnotes":""},"categories":[18,31],"tags":[],"class_list":["post-10661","post","type-post","status-publish","format-standard","has-post-thumbnail","hentry","category-actualites","category-politique-et-reportages"],"_links":{"self":[{"href":"https:\/\/ladepeche.mr\/index.php?rest_route=\/wp\/v2\/posts\/10661","targetHints":{"allow":["GET"]}}],"collection":[{"href":"https:\/\/ladepeche.mr\/index.php?rest_route=\/wp\/v2\/posts"}],"about":[{"href":"https:\/\/ladepeche.mr\/index.php?rest_route=\/wp\/v2\/types\/post"}],"author":[{"embeddable":true,"href":"https:\/\/ladepeche.mr\/index.php?rest_route=\/wp\/v2\/users\/2"}],"replies":[{"embeddable":true,"href":"https:\/\/ladepeche.mr\/index.php?rest_route=%2Fwp%2Fv2%2Fcomments&post=10661"}],"version-history":[{"count":3,"href":"https:\/\/ladepeche.mr\/index.php?rest_route=\/wp\/v2\/posts\/10661\/revisions"}],"predecessor-version":[{"id":10666,"href":"https:\/\/ladepeche.mr\/index.php?rest_route=\/wp\/v2\/posts\/10661\/revisions\/10666"}],"wp:featuredmedia":[{"embeddable":true,"href":"https:\/\/ladepeche.mr\/index.php?rest_route=\/wp\/v2\/media\/10415"}],"wp:attachment":[{"href":"https:\/\/ladepeche.mr\/index.php?rest_route=%2Fwp%2Fv2%2Fmedia&parent=10661"}],"wp:term":[{"taxonomy":"category","embeddable":true,"href":"https:\/\/ladepeche.mr\/index.php?rest_route=%2Fwp%2Fv2%2Fcategories&post=10661"},{"taxonomy":"post_tag","embeddable":true,"href":"https:\/\/ladepeche.mr\/index.php?rest_route=%2Fwp%2Fv2%2Ftags&post=10661"}],"curies":[{"name":"wp","href":"https:\/\/api.w.org\/{rel}","templated":true}]}}