{"id":10667,"date":"2024-08-14T17:45:14","date_gmt":"2024-08-14T17:45:14","guid":{"rendered":"https:\/\/ladepeche.mr\/?p=10667"},"modified":"2024-08-14T18:26:01","modified_gmt":"2024-08-14T18:26:01","slug":"primature-nominations-dun-charge-de-mission-et-de-3-conseillers","status":"publish","type":"post","link":"https:\/\/ladepeche.mr\/?p=10667","title":{"rendered":"Primature: Nominations d&#8217;un charg\u00e9 de mission et de 3 conseillers"},"content":{"rendered":"<p>La Pr\u00e9sidence de la R\u00e9publique a annonc\u00e9 mercredi, qu\u2019en vertu d\u2019un d\u00e9cret rendu public ce jour les personnalit\u00e9s suivantes ont \u00e9t\u00e9 nomm\u00e9es \u00e0 la Primature:<\/p>\n<p>Charg\u00e9 de mission:<\/p>\n<p>\u2013 Cheikhna Ould Hijbou.<\/p>\n<p>Conseillers:<\/p>\n<p>\u2013 Mohamed Ould Ahmedoua<\/p>\n<p>\u2013 Derdiri Ould Maata<\/p>\n<p>\u2013 Haroune Oumar Ideighbi.<\/p>\n<p>Ami<\/p>\n","protected":false},"excerpt":{"rendered":"<p>La Pr\u00e9sidence de la R\u00e9publique a annonc\u00e9 mercredi, qu\u2019en vertu d\u2019un d\u00e9cret rendu public ce jour les personnalit\u00e9s suivantes ont \u00e9t\u00e9 nomm\u00e9es \u00e0 la Primature: Charg\u00e9 de mission: \u2013 Cheikhna Ould Hijbou. Conseillers: \u2013 Mohamed Ould Ahmedoua \u2013 Derdiri Ould Maata \u2013 Haroune Oumar Ideighbi. Ami<\/p>\n","protected":false},"author":2,"featured_media":7871,"comment_status":"open","ping_status":"open","sticky":false,"template":"","format":"standard","meta":{"footnotes":""},"categories":[18,31],"tags":[],"class_list":["post-10667","post","type-post","status-publish","format-standard","has-post-thumbnail","hentry","category-actualites","category-politique-et-reportages"],"_links":{"self":[{"href":"https:\/\/ladepeche.mr\/index.php?rest_route=\/wp\/v2\/posts\/10667","targetHints":{"allow":["GET"]}}],"collection":[{"href":"https:\/\/ladepeche.mr\/index.php?rest_route=\/wp\/v2\/posts"}],"about":[{"href":"https:\/\/ladepeche.mr\/index.php?rest_route=\/wp\/v2\/types\/post"}],"author":[{"embeddable":true,"href":"https:\/\/ladepeche.mr\/index.php?rest_route=\/wp\/v2\/users\/2"}],"replies":[{"embeddable":true,"href":"https:\/\/ladepeche.mr\/index.php?rest_route=%2Fwp%2Fv2%2Fcomments&post=10667"}],"version-history":[{"count":1,"href":"https:\/\/ladepeche.mr\/index.php?rest_route=\/wp\/v2\/posts\/10667\/revisions"}],"predecessor-version":[{"id":10668,"href":"https:\/\/ladepeche.mr\/index.php?rest_route=\/wp\/v2\/posts\/10667\/revisions\/10668"}],"wp:featuredmedia":[{"embeddable":true,"href":"https:\/\/ladepeche.mr\/index.php?rest_route=\/wp\/v2\/media\/7871"}],"wp:attachment":[{"href":"https:\/\/ladepeche.mr\/index.php?rest_route=%2Fwp%2Fv2%2Fmedia&parent=10667"}],"wp:term":[{"taxonomy":"category","embeddable":true,"href":"https:\/\/ladepeche.mr\/index.php?rest_route=%2Fwp%2Fv2%2Fcategories&post=10667"},{"taxonomy":"post_tag","embeddable":true,"href":"https:\/\/ladepeche.mr\/index.php?rest_route=%2Fwp%2Fv2%2Ftags&post=10667"}],"curies":[{"name":"wp","href":"https:\/\/api.w.org\/{rel}","templated":true}]}}