{"id":10670,"date":"2024-08-14T19:00:40","date_gmt":"2024-08-14T19:00:40","guid":{"rendered":"https:\/\/ladepeche.mr\/?p=10670"},"modified":"2024-08-14T18:16:39","modified_gmt":"2024-08-14T18:16:39","slug":"une-enquete-dhaaretz-denonce-lutilisation-par-larmee-israelienne-de-civils-palestiniens-comme-boucliers-humains","status":"publish","type":"post","link":"https:\/\/ladepeche.mr\/?p=10670","title":{"rendered":"Une enqu\u00eate d&#8217;Haaretz d\u00e9nonce l&#8217;utilisation par l&#8217;arm\u00e9e isra\u00e9lienne de civils palestiniens comme boucliers humains"},"content":{"rendered":"<p class=\"t-content__chapo\">Isra\u00ebl accuse de longue date le Hamas d\u2019utiliser des civils comme bouclier humains, notamment dans des \u00e9tablissements scolaires et hospitaliers. Mais cette fois, les Palestiniens auraient \u00e9t\u00e9 envoy\u00e9s dans des maisons gravement endommag\u00e9es et \u00e0 l&#8217;entr\u00e9e de tunnels, les mains li\u00e9es par des liens en plastique par des soldats et d\u2019officiers isra\u00e9liens. C\u2019est ce qui r\u00e9sulte d\u2019une enqu\u00eate qui fait la une du quotidien de gauche isra\u00e9lien \u00ab Haaretz\u00bb.<\/p>\n<p>L\u2019arm\u00e9e isra\u00e9lienne, indique l&#8217;enqu\u00eate publi\u00e9e par\u00a0<a href=\"https:\/\/www.haaretz.com\/israel-news\/2024-08-13\/ty-article-magazine\/.premium\/idf-uses-gazan-civilians-as-human-shields-to-inspect-potentially-booby-trapped-tunnels\/00000191-4c84-d7fd-a7f5-7db6b99e0000?lts=1723636789402\" target=\"_blank\" rel=\"noopener\"><strong><em>Haaretz<\/em><\/strong><\/a>, utilise des civils gazaouis en tant que boucliers humains pour explorer les tunnels du Hamas dans l\u2019enclave palestinienne. Selon plusieurs sources, cela se passe dans l&#8217;ensemble de la Bande de Gaza. Les faits seraient connus des officiers sup\u00e9rieurs, y compris de l\u2019\u00e9tat-major g\u00e9n\u00e9ral de l\u2019arm\u00e9e isra\u00e9lienne.<\/p>\n<div id=\"em-WBMZ435776-RFI-FR-20240814\" class=\"m-em-flash m-em-flash--no-consent\" data-xtwitter-script=\"\" data-consent=\"xtwitter\">\n<div class=\"o-em-consent\">\n<div class=\"o-em-consent__content\">\n<p>Autres pr\u00e9cisions donn\u00e9es par le journal, les civils utilis\u00e9s comme boucliers humains ont \u00e9t\u00e9 d\u00e9tenus de mani\u00e8re arbitraire, sans qu\u2019aucune action hostile \u00e0 l&#8217;\u00e9gard d&#8217;Isra\u00ebl ne leur soit reproch\u00e9e. Selon des t\u00e9moignages, les militaires isra\u00e9liens auraient affirm\u00e9 \u00e0 ces civils que leur propre survie \u00e9tait plus importante que celles de ces boucliers humains.<\/p>\n<div id=\"em-WBMZ435785-RFI-FR-20240814\" class=\"m-em-flash m-em-flash--no-consent\" data-youtube-script=\"\" data-consent=\"youtube\">\n<div class=\"o-em-consent\">\n<div class=\"o-em-consent__content\">\n<p>Dans au moins un cas, relev\u00e9 par\u00a0<em>Haaretz<\/em>, un des ces civils aurait \u00e9t\u00e9 abattu par les hommes du Hamas lors de l\u2019exploration d\u2019une structure souterraine. Une pratique qui semble de plus en plus courante. Le mois dernier, des vid\u00e9os montraient des Palestiniens attach\u00e9s sur le capot de v\u00e9hicules isra\u00e9liens lors de patrouilles dans des villes palestiniennes de Cisjordanie. Une enqu\u00eate avait alors \u00e9t\u00e9 ouverte.<\/p>\n<p class=\"a-read-more\">Texte Rfi<\/p>\n<p>Photo Les Echos<\/p>\n<\/div>\n<\/div>\n<\/div>\n<\/div>\n<\/div>\n<\/div>\n<div class=\"t-content__dates t-content__dates--reading-time\">\n<p class=\"m-pub-dates\">\n<\/div>\n","protected":false},"excerpt":{"rendered":"<p>Isra\u00ebl accuse de longue date le Hamas d\u2019utiliser des civils comme bouclier humains, notamment dans des \u00e9tablissements scolaires et hospitaliers. Mais cette fois, les Palestiniens auraient \u00e9t\u00e9 envoy\u00e9s dans des maisons gravement endommag\u00e9es et \u00e0 l&#8217;entr\u00e9e de tunnels, les mains li\u00e9es par des liens en plastique par des soldats et d\u2019officiers isra\u00e9liens. C\u2019est ce qui &hellip;<\/p>\n","protected":false},"author":2,"featured_media":10671,"comment_status":"open","ping_status":"open","sticky":false,"template":"","format":"standard","meta":{"footnotes":""},"categories":[18,29],"tags":[],"class_list":["post-10670","post","type-post","status-publish","format-standard","has-post-thumbnail","hentry","category-actualites","category-monde"],"_links":{"self":[{"href":"https:\/\/ladepeche.mr\/index.php?rest_route=\/wp\/v2\/posts\/10670","targetHints":{"allow":["GET"]}}],"collection":[{"href":"https:\/\/ladepeche.mr\/index.php?rest_route=\/wp\/v2\/posts"}],"about":[{"href":"https:\/\/ladepeche.mr\/index.php?rest_route=\/wp\/v2\/types\/post"}],"author":[{"embeddable":true,"href":"https:\/\/ladepeche.mr\/index.php?rest_route=\/wp\/v2\/users\/2"}],"replies":[{"embeddable":true,"href":"https:\/\/ladepeche.mr\/index.php?rest_route=%2Fwp%2Fv2%2Fcomments&post=10670"}],"version-history":[{"count":1,"href":"https:\/\/ladepeche.mr\/index.php?rest_route=\/wp\/v2\/posts\/10670\/revisions"}],"predecessor-version":[{"id":10672,"href":"https:\/\/ladepeche.mr\/index.php?rest_route=\/wp\/v2\/posts\/10670\/revisions\/10672"}],"wp:featuredmedia":[{"embeddable":true,"href":"https:\/\/ladepeche.mr\/index.php?rest_route=\/wp\/v2\/media\/10671"}],"wp:attachment":[{"href":"https:\/\/ladepeche.mr\/index.php?rest_route=%2Fwp%2Fv2%2Fmedia&parent=10670"}],"wp:term":[{"taxonomy":"category","embeddable":true,"href":"https:\/\/ladepeche.mr\/index.php?rest_route=%2Fwp%2Fv2%2Fcategories&post=10670"},{"taxonomy":"post_tag","embeddable":true,"href":"https:\/\/ladepeche.mr\/index.php?rest_route=%2Fwp%2Fv2%2Ftags&post=10670"}],"curies":[{"name":"wp","href":"https:\/\/api.w.org\/{rel}","templated":true}]}}