{"id":10673,"date":"2024-08-14T20:00:43","date_gmt":"2024-08-14T20:00:43","guid":{"rendered":"https:\/\/ladepeche.mr\/?p=10673"},"modified":"2024-08-14T18:21:21","modified_gmt":"2024-08-14T18:21:21","slug":"le-commissaire-aux-droits-de-lhomme-recoit-le-president-du-mecanisme-national-de-prevention-de-la-torture","status":"publish","type":"post","link":"https:\/\/ladepeche.mr\/?p=10673","title":{"rendered":"Le commissaire aux droits de l\u2019homme re\u00e7oit le pr\u00e9sident du m\u00e9canisme national de pr\u00e9vention de la torture"},"content":{"rendered":"<article id=\"post-252174\" class=\"post-252174 post type-post status-publish format-standard has-post-thumbnail category-autres category-choix-du-redacteur category-fil-dactualite category-mauritanie category-slider-mauritanie single-post-content has-thumbnail\">\n<div class=\"entry-content clearfix single-post-content\">\n<p>Le commissaire aux droits de l\u2019homme, \u00e0 l\u2019action humanitaire et aux relations avec la soci\u00e9t\u00e9 civile, M. Sid\u2019Ahmed Benane, a re\u00e7u, mercredi, M. El Bekaye Ould Abdel Malek, pr\u00e9sident du m\u00e9canisme national de pr\u00e9vention de la torture (MNP).<\/p>\n<p>L\u2019entretien a port\u00e9 sur les plans et programmes nationaux mis en \u0153uvre dans le domaine des droits de l\u2019homme et sur les moyens de renforcer la coop\u00e9ration entre les deux instances dans divers domaines li\u00e9s \u00e0 leurs objectifs communs fond\u00e9s sur la promotion et le d\u00e9veloppement des droits de l\u2019homme.<\/p>\n<div class=\"heateorSssClear\">Ami<\/div>\n<div class=\"heateor_sss_sharing_container heateor_sss_horizontal_sharing\" data-heateor-sss-href=\"https:\/\/ami.mr\/fr\/archives\/252174\">\n<div class=\"heateor_sss_sharing_title\"><\/div>\n<div class=\"heateor_sss_sharing_ul\"><\/div>\n<div class=\"heateorSssClear\"><\/div>\n<\/div>\n<div class=\"heateorSssClear\"><\/div>\n<\/div>\n<\/article>\n<section class=\"next-prev-post clearfix\">\n<div class=\"prev-post\">\n<p class=\"pre-title heading-typo\">\n<\/div>\n<\/section>\n","protected":false},"excerpt":{"rendered":"<p>Le commissaire aux droits de l\u2019homme, \u00e0 l\u2019action humanitaire et aux relations avec la soci\u00e9t\u00e9 civile, M. Sid\u2019Ahmed Benane, a re\u00e7u, mercredi, M. El Bekaye Ould Abdel Malek, pr\u00e9sident du m\u00e9canisme national de pr\u00e9vention de la torture (MNP). L\u2019entretien a port\u00e9 sur les plans et programmes nationaux mis en \u0153uvre dans le domaine des droits &hellip;<\/p>\n","protected":false},"author":2,"featured_media":10674,"comment_status":"open","ping_status":"open","sticky":false,"template":"","format":"standard","meta":{"footnotes":""},"categories":[18],"tags":[],"class_list":["post-10673","post","type-post","status-publish","format-standard","has-post-thumbnail","hentry","category-actualites"],"_links":{"self":[{"href":"https:\/\/ladepeche.mr\/index.php?rest_route=\/wp\/v2\/posts\/10673","targetHints":{"allow":["GET"]}}],"collection":[{"href":"https:\/\/ladepeche.mr\/index.php?rest_route=\/wp\/v2\/posts"}],"about":[{"href":"https:\/\/ladepeche.mr\/index.php?rest_route=\/wp\/v2\/types\/post"}],"author":[{"embeddable":true,"href":"https:\/\/ladepeche.mr\/index.php?rest_route=\/wp\/v2\/users\/2"}],"replies":[{"embeddable":true,"href":"https:\/\/ladepeche.mr\/index.php?rest_route=%2Fwp%2Fv2%2Fcomments&post=10673"}],"version-history":[{"count":1,"href":"https:\/\/ladepeche.mr\/index.php?rest_route=\/wp\/v2\/posts\/10673\/revisions"}],"predecessor-version":[{"id":10675,"href":"https:\/\/ladepeche.mr\/index.php?rest_route=\/wp\/v2\/posts\/10673\/revisions\/10675"}],"wp:featuredmedia":[{"embeddable":true,"href":"https:\/\/ladepeche.mr\/index.php?rest_route=\/wp\/v2\/media\/10674"}],"wp:attachment":[{"href":"https:\/\/ladepeche.mr\/index.php?rest_route=%2Fwp%2Fv2%2Fmedia&parent=10673"}],"wp:term":[{"taxonomy":"category","embeddable":true,"href":"https:\/\/ladepeche.mr\/index.php?rest_route=%2Fwp%2Fv2%2Fcategories&post=10673"},{"taxonomy":"post_tag","embeddable":true,"href":"https:\/\/ladepeche.mr\/index.php?rest_route=%2Fwp%2Fv2%2Ftags&post=10673"}],"curies":[{"name":"wp","href":"https:\/\/api.w.org\/{rel}","templated":true}]}}