{"id":10676,"date":"2024-08-14T21:01:52","date_gmt":"2024-08-14T21:01:52","guid":{"rendered":"https:\/\/ladepeche.mr\/?p=10676"},"modified":"2024-08-14T19:08:01","modified_gmt":"2024-08-14T19:08:01","slug":"mines-un-incendie-se-declare-a-lusine-mcm","status":"publish","type":"post","link":"https:\/\/ladepeche.mr\/?p=10676","title":{"rendered":"Mines\u00a0: Un incendie se d\u00e9clare \u00e0 l&#8217;usine MCM"},"content":{"rendered":"<p>L\u2019usine MCM (Mauritanian Copper Mines) a fait face mardi \u00e0 un incendie au niveau de la cellule de flottation (manipulation de s\u00e9paration de min\u00e9raux), aurait officiellement annonc\u00e9 l\u2019entreprise dans un communiqu\u00e9 diffus\u00e9 pour la circonstance.<\/p>\n<p>Le sinistre aurait \u00e9t\u00e9 vite maitris\u00e9 par les sapeurs-pompiers. L\u2019entreprise parle d\u2019un \u00ab\u00a0petit incident d&#8217;incendie\u00a0\u00bb survenu dans la zone de flottation de son usine soulignant l\u2019efficacit\u00e9 des pompiers venus \u00e0 la rescousse. L\u2019intervention des pompiers aurait permis de circonscrire le feu \u00e0 sa zone initiale de d\u00e9clenchement.<br \/>\nLa soci\u00e9t\u00e9 confie enfin qu\u2019ucun bless\u00e9 n\u2019a \u00e9t\u00e9 d\u00e9plor\u00e9 et que les dommages mat\u00e9riels \u00e0 l\u2019usine seraient marginaux.<\/p>\n<p>&nbsp;<\/p>\n","protected":false},"excerpt":{"rendered":"<p>L\u2019usine MCM (Mauritanian Copper Mines) a fait face mardi \u00e0 un incendie au niveau de la cellule de flottation (manipulation de s\u00e9paration de min\u00e9raux), aurait officiellement annonc\u00e9 l\u2019entreprise dans un communiqu\u00e9 diffus\u00e9 pour la circonstance. Le sinistre aurait \u00e9t\u00e9 vite maitris\u00e9 par les sapeurs-pompiers. L\u2019entreprise parle d\u2019un \u00ab\u00a0petit incident d&#8217;incendie\u00a0\u00bb survenu dans la zone de &hellip;<\/p>\n","protected":false},"author":2,"featured_media":10677,"comment_status":"open","ping_status":"open","sticky":false,"template":"","format":"standard","meta":{"footnotes":""},"categories":[18,2],"tags":[],"class_list":["post-10676","post","type-post","status-publish","format-standard","has-post-thumbnail","hentry","category-actualites","category-economie"],"_links":{"self":[{"href":"https:\/\/ladepeche.mr\/index.php?rest_route=\/wp\/v2\/posts\/10676","targetHints":{"allow":["GET"]}}],"collection":[{"href":"https:\/\/ladepeche.mr\/index.php?rest_route=\/wp\/v2\/posts"}],"about":[{"href":"https:\/\/ladepeche.mr\/index.php?rest_route=\/wp\/v2\/types\/post"}],"author":[{"embeddable":true,"href":"https:\/\/ladepeche.mr\/index.php?rest_route=\/wp\/v2\/users\/2"}],"replies":[{"embeddable":true,"href":"https:\/\/ladepeche.mr\/index.php?rest_route=%2Fwp%2Fv2%2Fcomments&post=10676"}],"version-history":[{"count":1,"href":"https:\/\/ladepeche.mr\/index.php?rest_route=\/wp\/v2\/posts\/10676\/revisions"}],"predecessor-version":[{"id":10678,"href":"https:\/\/ladepeche.mr\/index.php?rest_route=\/wp\/v2\/posts\/10676\/revisions\/10678"}],"wp:featuredmedia":[{"embeddable":true,"href":"https:\/\/ladepeche.mr\/index.php?rest_route=\/wp\/v2\/media\/10677"}],"wp:attachment":[{"href":"https:\/\/ladepeche.mr\/index.php?rest_route=%2Fwp%2Fv2%2Fmedia&parent=10676"}],"wp:term":[{"taxonomy":"category","embeddable":true,"href":"https:\/\/ladepeche.mr\/index.php?rest_route=%2Fwp%2Fv2%2Fcategories&post=10676"},{"taxonomy":"post_tag","embeddable":true,"href":"https:\/\/ladepeche.mr\/index.php?rest_route=%2Fwp%2Fv2%2Ftags&post=10676"}],"curies":[{"name":"wp","href":"https:\/\/api.w.org\/{rel}","templated":true}]}}