{"id":10685,"date":"2024-08-15T11:01:36","date_gmt":"2024-08-15T11:01:36","guid":{"rendered":"https:\/\/ladepeche.mr\/?p=10685"},"modified":"2024-08-15T11:39:36","modified_gmt":"2024-08-15T11:39:36","slug":"soif-a-nouakchott-des-mirages-partout","status":"publish","type":"post","link":"https:\/\/ladepeche.mr\/?p=10685","title":{"rendered":"Soif \u00e0 Nouakchott\u00a0: Des mirages partout!"},"content":{"rendered":"<p>Pour l\u2019Etat (et les citoyens), c\u2019est une situation d\u2019extr\u00eame urgence. Depuis bient\u00f4t deux semaines, la capitale est sevr\u00e9e d\u2019eau. Dans tous les quartiers les robinets sont ass\u00e9ch\u00e9s. Les explications de Amal Mint Moloud se\u00a0 noient dans une mare inextricable.<\/p>\n<p>&nbsp;<\/p>\n<p>Amal Mint Moloud n\u2019entame pas son magist\u00e8re \u00e0 la t\u00eate du minist\u00e8re de l\u2019hydraulique et de l\u2019assainissement sous les meilleurs auspices. Elle semble, au contraire, h\u00e9riter d\u2019un g\u00e2teau empoisonn\u00e9 avec la crise de l\u2019eau survenue la veille de sa nomination. Ce qui sans doute lui accordera quelques circonstances att\u00e9nuantes. Mais pour combien de temps encore\u00a0?<\/p>\n<p>Il ne faudra surtout pas compter sur la \u00ab compr\u00e9hension \u00bb des usagers. Pour ces derniers, en effet, il est inconcevable que ces probl\u00e8mes devenus r\u00e9currents gangr\u00e8nent aussi longtemps leur vie. Les projections font \u00e9tat d&#8217;un besoin de 50litres\/jour pour chaque nouakchottois. On en est encore tr\u00e8s loin. Mais \u00e0 d\u00e9faut de solution idoine \u2013pour l\u2019instant- le rationnement propos\u00e9 par la ministre \u00e9c\u0153ure l\u2019opinion. A cette \u00e9ventualit\u00e9, il faut aussi ajouter les explications alambiqu\u00e9es donn\u00e9es par la ministre lors de ses commentaires post conseil des ministres. Car personne ne s\u2019explique comment la situation serait \u00ab meilleure \u00bb que l\u2019ann\u00e9e 2023 alors que la crise d\u2019approvisionnement en eau est plus aigue aujourd\u2019hui. Les inondations v\u00e9cues l\u2019ann\u00e9e derni\u00e8re, \u00e9galement, \u00e9taient plus importantes. A sa d\u00e9charge, la ministre n\u2019est, sans doute, pas responsable de l\u2019\u00e9tat de fait existant aujourd\u2019hui. Mais tout le monde se souvient qu\u2019il y a un an exactement, en ao\u00fbt 2023, le directeur g\u00e9n\u00e9ral de la Soci\u00e9t\u00e9 nationale de distribution de l\u2019Eau (SNDE), de l\u2019\u00e9poque, Mohamed Mahmoud O. Jafaar, avait \u00e9t\u00e9 d\u00e9mis pour moins que \u00e7a. On s\u2019en tiendra, jusqu\u2019\u00e0 nouvel ordre, aux explications de Mme La Ministre, ministre qui soutiendrait que \u00ab la quantit\u00e9 qui quitte la station de stockage situ\u00e9e \u00e0 PK17 en direction de Nouakchott est de 88 000m3\/jour actuellement, contre 59 000m3\/jour l\u2019an pass\u00e9\u00bb. Amal Moloud assure en tout cas vouloir distribuer au compte-goutte les r\u00e9serves entre tous les quartiers. Elle promet une rationalisation de l\u2019eau en attendant de doubler les productions des sources de l\u2019Idini (40.000 \u00e0 100.000m3\/jour) et de l\u2019Aftout (120.000 m3 \u00e0 225.000m3).<\/p>\n<p>Mais attention aux mirages d&#8217;autant que les mauritaniens ont de plus en plus bonne m\u00e9moire. On leur promettait d\u00e9j\u00e0 \u00e0 Nouakchott une unit\u00e9 de dessalement de 200.000 m3\/jour. Sous l\u2019ancien r\u00e9gime, la couleuvre \u00e9tait encore plus grosse avec \u00ab 80 % de la population mauritanienne aura acc\u00e8s \u00e0 l\u2019eau potable en 2018, et la totalit\u00e9 en b\u00e9n\u00e9ficiera \u00e0 l\u2019horizon 2020\u00bb assurait, devant le Parlement, en 2016, le ministre de l\u2019hydraulique de l\u2019\u00e9poque (Ould Oudaa). Les choses n\u2019ont pas trop chang\u00e9 depuis\u2026sauf, peut-\u00eatre, les ministres.<\/p>\n<p>&nbsp;<\/p>\n<p>JD<\/p>\n<p>&nbsp;<\/p>\n<p><iframe loading=\"lazy\" title=\"\u0648\u0632\u064a\u0631\u0629 \u0627\u0644\u0645\u064a\u0627\u0647: \u0646\u0642\u0648\u0645 \u0628\u0639\u0645\u0644\u064a\u0629 \u062a\u0631\u0634\u064a\u062f \u0644\u0644\u0645\u064a\u0627\u0647 \u0648\u0646\u0648\u0644\u064a \u0623\u0647\u0645\u064a\u0629 \u062e\u0627\u0635\u0629 \u0644\u0644\u0623\u062d\u064a\u0627\u0621 \u0627\u0644\u0636\u0639\u064a\u0641\u0629\" width=\"500\" height=\"375\" src=\"https:\/\/www.youtube.com\/embed\/5EUuM52445A?feature=oembed\" frameborder=\"0\" allow=\"accelerometer; autoplay; clipboard-write; encrypted-media; gyroscope; picture-in-picture; web-share\" referrerpolicy=\"strict-origin-when-cross-origin\" allowfullscreen><\/iframe><\/p>\n","protected":false},"excerpt":{"rendered":"<p>Pour l\u2019Etat (et les citoyens), c\u2019est une situation d\u2019extr\u00eame urgence. Depuis bient\u00f4t deux semaines, la capitale est sevr\u00e9e d\u2019eau. Dans tous les quartiers les robinets sont ass\u00e9ch\u00e9s. Les explications de Amal Mint Moloud se\u00a0 noient dans une mare inextricable. &nbsp; Amal Mint Moloud n\u2019entame pas son magist\u00e8re \u00e0 la t\u00eate du minist\u00e8re de l\u2019hydraulique et &hellip;<\/p>\n","protected":false},"author":2,"featured_media":10686,"comment_status":"open","ping_status":"open","sticky":false,"template":"","format":"standard","meta":{"footnotes":""},"categories":[18,2],"tags":[],"class_list":["post-10685","post","type-post","status-publish","format-standard","has-post-thumbnail","hentry","category-actualites","category-economie"],"_links":{"self":[{"href":"https:\/\/ladepeche.mr\/index.php?rest_route=\/wp\/v2\/posts\/10685","targetHints":{"allow":["GET"]}}],"collection":[{"href":"https:\/\/ladepeche.mr\/index.php?rest_route=\/wp\/v2\/posts"}],"about":[{"href":"https:\/\/ladepeche.mr\/index.php?rest_route=\/wp\/v2\/types\/post"}],"author":[{"embeddable":true,"href":"https:\/\/ladepeche.mr\/index.php?rest_route=\/wp\/v2\/users\/2"}],"replies":[{"embeddable":true,"href":"https:\/\/ladepeche.mr\/index.php?rest_route=%2Fwp%2Fv2%2Fcomments&post=10685"}],"version-history":[{"count":4,"href":"https:\/\/ladepeche.mr\/index.php?rest_route=\/wp\/v2\/posts\/10685\/revisions"}],"predecessor-version":[{"id":10691,"href":"https:\/\/ladepeche.mr\/index.php?rest_route=\/wp\/v2\/posts\/10685\/revisions\/10691"}],"wp:featuredmedia":[{"embeddable":true,"href":"https:\/\/ladepeche.mr\/index.php?rest_route=\/wp\/v2\/media\/10686"}],"wp:attachment":[{"href":"https:\/\/ladepeche.mr\/index.php?rest_route=%2Fwp%2Fv2%2Fmedia&parent=10685"}],"wp:term":[{"taxonomy":"category","embeddable":true,"href":"https:\/\/ladepeche.mr\/index.php?rest_route=%2Fwp%2Fv2%2Fcategories&post=10685"},{"taxonomy":"post_tag","embeddable":true,"href":"https:\/\/ladepeche.mr\/index.php?rest_route=%2Fwp%2Fv2%2Ftags&post=10685"}],"curies":[{"name":"wp","href":"https:\/\/api.w.org\/{rel}","templated":true}]}}