{"id":10692,"date":"2024-08-15T12:12:10","date_gmt":"2024-08-15T12:12:10","guid":{"rendered":"https:\/\/ladepeche.mr\/?p=10692"},"modified":"2024-08-15T12:12:10","modified_gmt":"2024-08-15T12:12:10","slug":"diplomatie-intenses-activites-pour-le-ministre-mohamed-salem-merzough","status":"publish","type":"post","link":"https:\/\/ladepeche.mr\/?p=10692","title":{"rendered":"Diplomatie\u00a0: Intenses activit\u00e9s pour le ministre Mohamed Salem Merzough"},"content":{"rendered":"<p>Le ministre des affaires \u00e9trang\u00e8res, de la coop\u00e9ration africaine et des Mauritaniens de l\u2019ext\u00e9rieur, Mohamed Salem Ould Merzoug, a eu, mercredi, d\u2019intenses activit\u00e9s diplomatiques avec nombre de repr\u00e9sentants de pays et amis \u00e0 notre pays.<\/p>\n<p>Le ministre a ainsi re\u00e7u en audience, S.E.M Florian Reindel, nouvel ambassadeur de la R\u00e9publique f\u00e9d\u00e9rale d\u2019Allemagne accr\u00e9dit\u00e9 pour la Mauritanie. Le diplomate allemand lui a remis, comme le veut l\u2019usage, une copie de ses lettres de cr\u00e9ance en tant qu\u2019ambassadeur extraordinaire et pl\u00e9nipotentiaire de son pays aupr\u00e8s du n\u00f4tre.<\/p>\n<p>Le ministre a encore re\u00e7u le m\u00eame jour S.E.M Alioune Diongue, nouveau repr\u00e9sentant du programme alimentaire mondial (PAM) en Mauritanie. Ce dernier lui a remis ses documents d\u2019affectation en tant que repr\u00e9sentant onusien accr\u00e9dit\u00e9 du Programme alimentaire mondial (PAM) en Mauritanie<\/p>\n<p>Dans la foul\u00e9e, le MAECAME a re\u00e7u l\u2019ambassadeur alg\u00e9rien, SEM Mohamed Ben Attou, ambassadeur de la R\u00e9publique alg\u00e9rienne d\u00e9mocratique et populaire accr\u00e9dit\u00e9 en Mauritanie.<\/p>\n<p>pour \u00e9changer \u00e0 propos de la coop\u00e9ration bilat\u00e9rale entre les deux pays. De m\u00eame, le ministre s\u2019est entretenu avec SEM UCHIDA Tatsukuni, ambassadeur japonais, des moyens de rehausser la coop\u00e9ration fructueuse entre les deux pays.<\/p>\n<p>Le ministre a enfin re\u00e7u .SEM Jassim bin Id bin Abdullah Al Saadi, charg\u00e9 d\u2019affaires \u00e0 l\u2019ambassade du Sultanat d\u2019Oman en Mauritanie avec lequel il a \u00ab\u00a0pass\u00e9 en revue les relations fraternelles qui existent de longue date entre les deux pays, les moyens de les renforcer et de les d\u00e9velopper, ainsi que les questions d\u2019int\u00e9r\u00eat commun.\u00a0\u00bb.<\/p>\n<p>Au cours de ces rencontres, le ministre \u00e9tait entour\u00e9 de ses plus proches collaborateurs concern\u00e9s.<\/p>\n","protected":false},"excerpt":{"rendered":"<p>Le ministre des affaires \u00e9trang\u00e8res, de la coop\u00e9ration africaine et des Mauritaniens de l\u2019ext\u00e9rieur, Mohamed Salem Ould Merzoug, a eu, mercredi, d\u2019intenses activit\u00e9s diplomatiques avec nombre de repr\u00e9sentants de pays et amis \u00e0 notre pays. Le ministre a ainsi re\u00e7u en audience, S.E.M Florian Reindel, nouvel ambassadeur de la R\u00e9publique f\u00e9d\u00e9rale d\u2019Allemagne accr\u00e9dit\u00e9 pour la &hellip;<\/p>\n","protected":false},"author":2,"featured_media":10693,"comment_status":"open","ping_status":"open","sticky":false,"template":"","format":"standard","meta":{"footnotes":""},"categories":[18,29],"tags":[],"class_list":["post-10692","post","type-post","status-publish","format-standard","has-post-thumbnail","hentry","category-actualites","category-monde"],"_links":{"self":[{"href":"https:\/\/ladepeche.mr\/index.php?rest_route=\/wp\/v2\/posts\/10692","targetHints":{"allow":["GET"]}}],"collection":[{"href":"https:\/\/ladepeche.mr\/index.php?rest_route=\/wp\/v2\/posts"}],"about":[{"href":"https:\/\/ladepeche.mr\/index.php?rest_route=\/wp\/v2\/types\/post"}],"author":[{"embeddable":true,"href":"https:\/\/ladepeche.mr\/index.php?rest_route=\/wp\/v2\/users\/2"}],"replies":[{"embeddable":true,"href":"https:\/\/ladepeche.mr\/index.php?rest_route=%2Fwp%2Fv2%2Fcomments&post=10692"}],"version-history":[{"count":1,"href":"https:\/\/ladepeche.mr\/index.php?rest_route=\/wp\/v2\/posts\/10692\/revisions"}],"predecessor-version":[{"id":10694,"href":"https:\/\/ladepeche.mr\/index.php?rest_route=\/wp\/v2\/posts\/10692\/revisions\/10694"}],"wp:featuredmedia":[{"embeddable":true,"href":"https:\/\/ladepeche.mr\/index.php?rest_route=\/wp\/v2\/media\/10693"}],"wp:attachment":[{"href":"https:\/\/ladepeche.mr\/index.php?rest_route=%2Fwp%2Fv2%2Fmedia&parent=10692"}],"wp:term":[{"taxonomy":"category","embeddable":true,"href":"https:\/\/ladepeche.mr\/index.php?rest_route=%2Fwp%2Fv2%2Fcategories&post=10692"},{"taxonomy":"post_tag","embeddable":true,"href":"https:\/\/ladepeche.mr\/index.php?rest_route=%2Fwp%2Fv2%2Ftags&post=10692"}],"curies":[{"name":"wp","href":"https:\/\/api.w.org\/{rel}","templated":true}]}}