{"id":10713,"date":"2024-08-16T11:12:18","date_gmt":"2024-08-16T11:12:18","guid":{"rendered":"https:\/\/ladepeche.mr\/?p=10713"},"modified":"2024-08-16T11:12:18","modified_gmt":"2024-08-16T11:12:18","slug":"mahmoud-abbas-annonce-a-la-tribune-du-parlement-turc-quil-se-rendra-a-gaza-avec-les-membres-de-son-gouvernement","status":"publish","type":"post","link":"https:\/\/ladepeche.mr\/?p=10713","title":{"rendered":"Mahmoud Abbas annonce, \u00e0 la tribune du parlement turc, qu&#8217;il se rendra \u00e0 Gaza avec les membres de son gouvernement"},"content":{"rendered":"<h4>&#8220;Il n&#8217;y a pas de solution devant nous, c&#8217;est pourquoi tous les membres de l&#8217;Autorit\u00e9 palestinienne et moi avons d\u00e9cid\u00e9 de nous rendre \u00e0 Gaza, nous le ferons&#8221;, a indiqu\u00e9 le pr\u00e9sident palestinien.<\/h4>\n<p>Dans une d\u00e9marche sans pr\u00e9c\u00e9dent au milieu de la guerre meurtri\u00e8re, le pr\u00e9sident palestinien Mahmoud Abbas a annonc\u00e9 jeudi son intention de se rendre dans la bande de Gaza, alors m\u00eame que l&#8217;offensive isra\u00e9lienne, qui a fait \u00e0 ce jour plus de 40 000 morts, se poursuit.<\/p>\n<p>Mahmoud Abbas a fait une allocution au parlement turc \u00e0 Ankara au cours d&#8217;une session extraordinaire sur la Palestine, \u00e0 laquelle assistaient le pr\u00e9sident turc Recep Tayyip Erdogan, des centaines de l\u00e9gislateurs turcs et d&#8217;autres hauts fonctionnaires. Mahmoud Abbas r\u00e9side habituellement en Cisjordanie.<\/p>\n<p>&#8220;Il n&#8217;y a pas de solution devant nous, c&#8217;est pourquoi tous les membres de l&#8217;Autorit\u00e9 palestinienne et moi avons d\u00e9cid\u00e9 de nous rendre \u00e0 Gaza, nous le ferons&#8221;, a-t-il dit.<\/p>\n<p>Mahmoud Abbas a appel\u00e9 les dirigeants des pays arabes, islamiques et amis, ainsi que le secr\u00e9taire g\u00e9n\u00e9ral des Nations unies, \u00e0 se joindre \u00e0 sa visite qui vise \u00e0 &#8220;mettre fin \u00e0 l&#8217;agression isra\u00e9lienne contre Gaza&#8221;.<\/p>\n<p>&#8220;Nous resterons fermes et ne quitterons pas nos terres&#8221;, a soulign\u00e9 le pr\u00e9sident palestinien.<\/p>\n<p>Il a \u00e9galement exhort\u00e9 le Conseil de s\u00e9curit\u00e9 des Nations unies \u00e0 leur garantir l&#8217;acc\u00e8s \u00e0 l&#8217;enclave assi\u00e9g\u00e9e.<\/p>\n<p>&#8220;Notre prochaine destination sera la ville sainte de J\u00e9rusalem, notre capitale \u00e9ternelle. Notre peuple expulsera les usurpateurs de la Palestine quoi qu&#8217;il arrive&#8221;, a-t-il ajout\u00e9.<\/p>\n<p>Mahmoud Abbas s&#8217;est par ailleurs &#8220;f\u00e9licit\u00e9 de la position adopt\u00e9e par la T\u00fcrkiye, sous la direction du pr\u00e9sident Erdogan, pour d\u00e9fendre les droits l\u00e9gitimes du peuple palestinien&#8221;.<\/p>\n<p>&#8220;J&#8217;exprime ma gratitude \u00e0 la T\u00fcrkiye pour les dizaines de milliers de tonnes d&#8217;aide humanitaire achemin\u00e9es \u00e0 notre peuple dans la bande de Gaza&#8221;, a-t-il affirm\u00e9.<\/p>\n<p>Et de poursuivre : &#8220;L&#8217;occupant est vou\u00e9 \u00e0 disparaitre. La Palestine sera libre. Je remercie le pr\u00e9sident Erdogan et le peuple turc pour leur soutien \u00e0 la Palestine. Nous travaillons pour l&#8217;unit\u00e9 de la Palestine, et le meilleur moyen d&#8217;y parvenir est de s&#8217;unir. Nous remercions ceux qui nous soutiennent, en particulier la T\u00fcrkiye.&#8221;<\/p>\n<p>Ignorant une r\u00e9solution du Conseil de s\u00e9curit\u00e9 de l&#8217;ONU stipulant un cessez-le-feu imm\u00e9diat, Isra\u00ebl fait face \u00e0 des condamnations internationales dans le cadre de son offensive meurtri\u00e8re qui se poursuit toujours contre la bande de Gaza, et ce, depuis l\u2019attaque transfrontali\u00e8re du Hamas contre des colonies isra\u00e9liennes du 7 octobre 2023.<\/p>\n<p>Depuis cette date, l&#8217;offensive isra\u00e9lienne a tu\u00e9 plus de 40 000 personnes, dont la plupart sont des femmes et des enfants, et en a bless\u00e9 plus de 92 400 personnes, selon les autorit\u00e9s m\u00e9dicales palestiniennes.<\/p>\n<p>Plus de 10 mois apr\u00e8s le d\u00e9but de la guerre men\u00e9e par Isra\u00ebl, de vastes agglom\u00e9rations de Gaza ne sont plus que ruines, sur fond d\u2019un \u00e9tat de si\u00e8ge paralysant l\u2019acc\u00e8s \u00e0 la nourriture, \u00e0 l\u2019eau potable et aux m\u00e9dicaments.<\/p>\n<p>Isra\u00ebl est accus\u00e9 de g\u00e9nocide devant la Cour internationale de Justice (CIJ), qui a \u00e9mis une ordonnance le sommant de cesser imm\u00e9diatement son op\u00e9ration militaire dans la ville de Rafah, dans le sud de la bande, o\u00f9 plus d\u2019un million de Palestiniens avaient cherch\u00e9 refuge pour fuir la guerre, avant que la ville ne soit \u00e0 son tour envahie par les forces isra\u00e9liennes, le 6 mai dernier.<\/p>\n<p>www.aa.com.tr<\/p>\n","protected":false},"excerpt":{"rendered":"<p>&#8220;Il n&#8217;y a pas de solution devant nous, c&#8217;est pourquoi tous les membres de l&#8217;Autorit\u00e9 palestinienne et moi avons d\u00e9cid\u00e9 de nous rendre \u00e0 Gaza, nous le ferons&#8221;, a indiqu\u00e9 le pr\u00e9sident palestinien. Dans une d\u00e9marche sans pr\u00e9c\u00e9dent au milieu de la guerre meurtri\u00e8re, le pr\u00e9sident palestinien Mahmoud Abbas a annonc\u00e9 jeudi son intention de &hellip;<\/p>\n","protected":false},"author":2,"featured_media":10714,"comment_status":"open","ping_status":"open","sticky":false,"template":"","format":"standard","meta":{"footnotes":""},"categories":[18,29],"tags":[],"class_list":["post-10713","post","type-post","status-publish","format-standard","has-post-thumbnail","hentry","category-actualites","category-monde"],"_links":{"self":[{"href":"https:\/\/ladepeche.mr\/index.php?rest_route=\/wp\/v2\/posts\/10713","targetHints":{"allow":["GET"]}}],"collection":[{"href":"https:\/\/ladepeche.mr\/index.php?rest_route=\/wp\/v2\/posts"}],"about":[{"href":"https:\/\/ladepeche.mr\/index.php?rest_route=\/wp\/v2\/types\/post"}],"author":[{"embeddable":true,"href":"https:\/\/ladepeche.mr\/index.php?rest_route=\/wp\/v2\/users\/2"}],"replies":[{"embeddable":true,"href":"https:\/\/ladepeche.mr\/index.php?rest_route=%2Fwp%2Fv2%2Fcomments&post=10713"}],"version-history":[{"count":1,"href":"https:\/\/ladepeche.mr\/index.php?rest_route=\/wp\/v2\/posts\/10713\/revisions"}],"predecessor-version":[{"id":10715,"href":"https:\/\/ladepeche.mr\/index.php?rest_route=\/wp\/v2\/posts\/10713\/revisions\/10715"}],"wp:featuredmedia":[{"embeddable":true,"href":"https:\/\/ladepeche.mr\/index.php?rest_route=\/wp\/v2\/media\/10714"}],"wp:attachment":[{"href":"https:\/\/ladepeche.mr\/index.php?rest_route=%2Fwp%2Fv2%2Fmedia&parent=10713"}],"wp:term":[{"taxonomy":"category","embeddable":true,"href":"https:\/\/ladepeche.mr\/index.php?rest_route=%2Fwp%2Fv2%2Fcategories&post=10713"},{"taxonomy":"post_tag","embeddable":true,"href":"https:\/\/ladepeche.mr\/index.php?rest_route=%2Fwp%2Fv2%2Ftags&post=10713"}],"curies":[{"name":"wp","href":"https:\/\/api.w.org\/{rel}","templated":true}]}}