{"id":10726,"date":"2024-08-16T23:47:07","date_gmt":"2024-08-16T23:47:07","guid":{"rendered":"https:\/\/ladepeche.mr\/?p=10726"},"modified":"2024-08-16T23:47:07","modified_gmt":"2024-08-16T23:47:07","slug":"les-ministres-de-lhabitat-et-de-la-sante-effectuent-une-visite-de-terrain-a-lextension-du-centre-hospitalier-national","status":"publish","type":"post","link":"https:\/\/ladepeche.mr\/?p=10726","title":{"rendered":"Les Ministres de l\u2019Habitat et de la Sant\u00e9 effectuent une visite de terrain \u00e0 l\u2019extension du Centre Hospitalier National"},"content":{"rendered":"<div>Le Ministre de l&#8217;Habitat, de l&#8217;Urbanisme et de l\u2019Am\u00e9nagement du Territoire, M. Mamoudou Mamadou Niang a effectu\u00e9, en compagnie du Ministre de la Sant\u00e9, M. Abdallahi Sidi Mohamed Wedih, une visite de terrain aux travaux d\u2019extension en cours d\u2019extension du Centre Hospitalier de Nouakchott.<\/div>\n<div>Les deux ministres, \u00e9galement accompagn\u00e9s du secr\u00e9taire g\u00e9n\u00e9ral du minist\u00e8re de l&#8217;Habitat, de l&#8217;Urbanisme et de l\u2019Am\u00e9nagement du territoire M. Mohamed Salem Ould Boukhre\u00efs, du Wali de Nouakchott Ouest M. M\u2019Rabih Rabou Ould Bounena Ould Abidines et de certains cadres des deux D\u00e9partements minist\u00e9riels, ont visit\u00e9 les diff\u00e9rents pavillons de cette extension.<\/div>\n<div><\/div>\n<div>Cette visite s\u2019inscrit dans le cadre de la mise en \u0153uvre des hautes instructions de Son Excellence le Pr\u00e9sident de la R\u00e9publique, Monsieur Mohamed Ould Cheikh El-Ghazouani et d\u2019ex\u00e9cution de la politique du gouvernement du Premier Ministre, M. Mokhtar Ould Diay, a d\u00e9clar\u00e9 le Ministre M. Mamoudou Mamadou Niang, \u00e0 la fin de cette visite, \u00e0 la presse nationale.<\/div>\n<div><img loading=\"lazy\" decoding=\"async\" class=\"alignright size-full wp-image-10728\" src=\"http:\/\/ladepeche.mr\/wp-content\/uploads\/2024\/08\/MHUAT-SANTE-VISITE-e1723851989955.png\" alt=\"\" width=\"1210\" height=\"266\" \/><\/div>\n<div>\u00a0\u00ab Avec mon coll\u00e8gue le Ministre de la Sant\u00e9, nous avons tenu une r\u00e9union ce matin, ici au chantier des travaux, avec la soci\u00e9t\u00e9 d&#8217;ex\u00e9cution et le bureau de contr\u00f4le et de suivi, afin d\u2019examiner l&#8217;\u00e9tat de leur avancement et de discuter les voies et moyens permettant de rendre cet \u00e9tablissement public op\u00e9rationnel dans les plus brefs d\u00e9lais \u00bb, a indiqu\u00e9 le ministre.<\/div>\n<div>Les responsabilit\u00e9s ont \u00e9t\u00e9 d\u00e9termin\u00e9es au niveau de Maitre d\u2019ouvrage, du soci\u00e9t\u00e9 d&#8217;ex\u00e9cution et du bureau de suivi, a-t-il ajout\u00e9.<\/div>\n<div>&#8220;Les march\u00e9s publics et les grands projets sont confront\u00e9s \u00e0 de grands d\u00e9fis, et nous en sommes conscients \u00bb, a poursuit M. le Ministre, disant que le D\u00e9partement a commenc\u00e9 concr\u00e8tement \u00e0 \u00e9laborer les solutions n\u00e9cessaires et \u00e0 prendre des d\u00e9cisions qui garantissent des solutions durables \u00e0 ces d\u00e9fis.<\/div>\n<div>Evoquant les futurs projets au niveau sectoriel, le ministre a dit : \u00a0\u00ab Nous avons des instructions strictes pour prendre toutes les mesures permettant d&#8217;assurer une sortie du cycle des travaux retard\u00e9s, et c&#8217;est pourquoi j&#8217;appelle tous ceux qui s&#8217;int\u00e9ressent au domaine des travaux, notamment les soci\u00e9t\u00e9s souhaitant mettre en \u0153uvre des projets, \u00e0 s&#8217;adresser rapidement \u00e0 la Commission de Classement des soci\u00e9t\u00e9s des Travaux\u00bb.<\/div>\n<div>En effet, cette d\u00e9marche leur permettra afin d\u2019obtenir le syst\u00e8me de qualification et de classification, d&#8217;autant plus que nous avons de nombreux contrats en attente et que seuls ceux qui ont le syst\u00e8me de qualification pourront postuler, afin que nous puissions garantir l&#8217;application de la loi d&#8217;une part, et les droits de l&#8217;\u00c9tat \u00e0 r\u00e9aliser ses travaux selon les d\u00e9lais contractuels tout en respectant les normes de qualit\u00e9, a-t-il poursuit.<\/div>\n<div>Les instructions \u00e9mises par Son Excellence le Premier Ministre exigent une classification rapide des bureaux de suivi, a ajout\u00e9 le ministre, qui a appel\u00e9 les propri\u00e9taires de ces bureaux \u00e0 se pr\u00e9parer \u00e0 s&#8217;adresser \u00e0 la Commission de Qualification et de Classification, afin d&#8217;obtenir ce syst\u00e8me important et juridiquement contraignant.<\/div>\n<div>Ces visites se poursuivront dans tous les projets, qu&#8217;ils soient en retard ou dont les travaux progressent selon les d\u00e9lais contractuels, afin d&#8217;examiner les probl\u00e8mes soulev\u00e9s et de diagnostiquer l&#8217;\u00e9tat technique des travaux, a-t-il dit, insistant \u00e9galement sur l\u2019application dans tous les cas de la loi.<\/div>\n<div>Concernant l&#8217;installation visit\u00e9e aujourd&#8217;hui, le Ministre a d\u00e9clar\u00e9 : On ne parle plus de d\u00e9lais dans ce projet, car il est en dehors des d\u00e9lais contractuels depuis un certain temps, mais nous prendrons les mesures n\u00e9cessaires en collaboration avec le Minist\u00e8re de la Sant\u00e9, et en assurant le suivi aupr\u00e8s des instances d&#8217;ex\u00e9cution et de suivi afin de rem\u00e9dier \u00e0 ce qui peut l&#8217;\u00eatre, pour assurer l&#8217;ach\u00e8vement des travaux de cette installation d&#8217;une importance particuli\u00e8re \u00bb, a-t-il pr\u00e9cis\u00e9.<\/div>\n<div>Le ministre a remerci\u00e9, \u00e0 cette occasion, son homologue de la Sant\u00e9, qui dira-t-il, s\u2019est effectivement d\u00e9clar\u00e9 pleinement dispos\u00e9 \u00e0 suivre le rythme de tout ce qui concerne l&#8217;\u00e9quipement m\u00e9dical pr\u00e9vu dans cette installation.<\/div>\n","protected":false},"excerpt":{"rendered":"<p>Le Ministre de l&#8217;Habitat, de l&#8217;Urbanisme et de l\u2019Am\u00e9nagement du Territoire, M. Mamoudou Mamadou Niang a effectu\u00e9, en compagnie du Ministre de la Sant\u00e9, M. Abdallahi Sidi Mohamed Wedih, une visite de terrain aux travaux d\u2019extension en cours d\u2019extension du Centre Hospitalier de Nouakchott. Les deux ministres, \u00e9galement accompagn\u00e9s du secr\u00e9taire g\u00e9n\u00e9ral du minist\u00e8re de &hellip;<\/p>\n","protected":false},"author":2,"featured_media":10727,"comment_status":"open","ping_status":"open","sticky":false,"template":"","format":"standard","meta":{"footnotes":""},"categories":[18,27],"tags":[],"class_list":["post-10726","post","type-post","status-publish","format-standard","has-post-thumbnail","hentry","category-actualites","category-sante"],"_links":{"self":[{"href":"https:\/\/ladepeche.mr\/index.php?rest_route=\/wp\/v2\/posts\/10726","targetHints":{"allow":["GET"]}}],"collection":[{"href":"https:\/\/ladepeche.mr\/index.php?rest_route=\/wp\/v2\/posts"}],"about":[{"href":"https:\/\/ladepeche.mr\/index.php?rest_route=\/wp\/v2\/types\/post"}],"author":[{"embeddable":true,"href":"https:\/\/ladepeche.mr\/index.php?rest_route=\/wp\/v2\/users\/2"}],"replies":[{"embeddable":true,"href":"https:\/\/ladepeche.mr\/index.php?rest_route=%2Fwp%2Fv2%2Fcomments&post=10726"}],"version-history":[{"count":1,"href":"https:\/\/ladepeche.mr\/index.php?rest_route=\/wp\/v2\/posts\/10726\/revisions"}],"predecessor-version":[{"id":10729,"href":"https:\/\/ladepeche.mr\/index.php?rest_route=\/wp\/v2\/posts\/10726\/revisions\/10729"}],"wp:featuredmedia":[{"embeddable":true,"href":"https:\/\/ladepeche.mr\/index.php?rest_route=\/wp\/v2\/media\/10727"}],"wp:attachment":[{"href":"https:\/\/ladepeche.mr\/index.php?rest_route=%2Fwp%2Fv2%2Fmedia&parent=10726"}],"wp:term":[{"taxonomy":"category","embeddable":true,"href":"https:\/\/ladepeche.mr\/index.php?rest_route=%2Fwp%2Fv2%2Fcategories&post=10726"},{"taxonomy":"post_tag","embeddable":true,"href":"https:\/\/ladepeche.mr\/index.php?rest_route=%2Fwp%2Fv2%2Ftags&post=10726"}],"curies":[{"name":"wp","href":"https:\/\/api.w.org\/{rel}","templated":true}]}}