{"id":10735,"date":"2024-08-17T00:09:41","date_gmt":"2024-08-17T00:09:41","guid":{"rendered":"https:\/\/ladepeche.mr\/?p=10735"},"modified":"2024-08-17T00:09:41","modified_gmt":"2024-08-17T00:09:41","slug":"au-qatar-des-pourparlers-reprennent-en-vue-dun-cessez-le-feu-a-gaza","status":"publish","type":"post","link":"https:\/\/ladepeche.mr\/?p=10735","title":{"rendered":"Au Qatar, des pourparlers reprennent en vue d\u2019un cessez-le-feu \u00e0 Gaza"},"content":{"rendered":"<p class=\"c-article-summary\">Les discussions vue d\u2019une tr\u00eave entre Isra\u00ebl et le Hamas \u00e0 Gaza ont repris au Qatar. La Maison Blanche Blanche a \u00e9voqu\u00e9 un &#8220;d\u00e9but prometteur&#8221;.<\/p>\n<div id=\"poool-content\" class=\"c-article-content js-article-content poool-content\">\n<div class=\"c-article-content__first-element\"><\/div>\n<p>Des discussions cruciales ont d\u00e9but\u00e9 jeudi au Qatar en vue d\u2019une tr\u00eave entre Isra\u00ebl et le Hamas \u00e0 Gaza, alors que la pression s&#8217;intensifie pour \u00e9viter une extension de cette guerre.<\/p>\n<p>Un porte-parole de la Maison Blanche a \u00e9voqu\u00e9 un\u00a0<em>&#8220;d\u00e9but prometteur&#8221;<\/em>. En plus de Washington, le Qatar et l&#8217;Egypte sont \u00e9galement m\u00e9diateurs.\u00a0<em>&#8220;La voie est d\u00e9sormais trac\u00e9e pour un tel r\u00e9sultat afin de sauver des vies, soulager la population de Gaza et faire redescendre les tensions r\u00e9gionales&#8221;<\/em>, estiment les trois pays.<\/p>\n<p>Badr Abdelaty, Ministre \u00e9gyptien des Affaires \u00e9trang\u00e8res, a d\u00e9clar\u00e9 :\u00a0<em>&#8220;la cessation de l&#8217;agression contre la bande de Gaza en arr\u00eatant le massacre de civils palestiniens dans la bande de Gaza, de femmes, d&#8217;enfants et de civils innocents, c&#8217;est l&#8217;origine du probl\u00e8me et la principale source de tension et d&#8217;escalade dans la r\u00e9gion.&#8221;<\/em><\/p>\n<p><em>&#8220;Nous sommes plus proches que jamais. Mais je ne veux pas crier victoire trop vite&#8221;<\/em>\u00a0a ajout\u00e9 le Pr\u00e9sident am\u00e9ricain Joe Biden.<\/p>\n<p>La guerre entre l&#8217;Etat h\u00e9breux et le mouvement islamiste dure depuis d\u00e9j\u00e0 10 mois, et a fait plus de 40 000 morts c\u00f4t\u00e9 palestinien, selon le Hamas.<\/p>\n<div class=\"widget widget--type-euronews\nwidget--size-fullwidth\nwidget--align-center\"><\/p>\n<div class=\"widget__wrapper\">De nombreux dirigeants de la r\u00e9gion craignent une escalade du conflit et de repr\u00e9sailles de la part de l&#8217;Iran et des militants du Hezbollah. Washington a par ailleurs mis en garde l&#8217;Iran contre les cons\u00e9quences\u00a0<em>&#8220;cataclysmiques&#8221;<\/em>\u00a0d&#8217;une attaque sur Isra\u00ebl, avertissant en particulier contre le risque de\u00a0<em>&#8220;faire d\u00e9railler&#8221;<\/em>\u00a0les d\u00e9licates discussions sur une tr\u00eave \u00e0 Gaza. les pourparlers reprendront la semaine prochaine\u00a0au Caire.<\/div>\n<div>https:\/\/fr.euronews.com\/2024\/08\/16\/au-qatar-des-pourparlers-reprennent-en-vue-dun-cessez-le-feu-a-gaza<\/div>\n<\/div>\n<\/div>\n","protected":false},"excerpt":{"rendered":"<p>Les discussions vue d\u2019une tr\u00eave entre Isra\u00ebl et le Hamas \u00e0 Gaza ont repris au Qatar. La Maison Blanche Blanche a \u00e9voqu\u00e9 un &#8220;d\u00e9but prometteur&#8221;. Des discussions cruciales ont d\u00e9but\u00e9 jeudi au Qatar en vue d\u2019une tr\u00eave entre Isra\u00ebl et le Hamas \u00e0 Gaza, alors que la pression s&#8217;intensifie pour \u00e9viter une extension de cette &hellip;<\/p>\n","protected":false},"author":2,"featured_media":10736,"comment_status":"open","ping_status":"open","sticky":false,"template":"","format":"standard","meta":{"footnotes":""},"categories":[18,29],"tags":[],"class_list":["post-10735","post","type-post","status-publish","format-standard","has-post-thumbnail","hentry","category-actualites","category-monde"],"_links":{"self":[{"href":"https:\/\/ladepeche.mr\/index.php?rest_route=\/wp\/v2\/posts\/10735","targetHints":{"allow":["GET"]}}],"collection":[{"href":"https:\/\/ladepeche.mr\/index.php?rest_route=\/wp\/v2\/posts"}],"about":[{"href":"https:\/\/ladepeche.mr\/index.php?rest_route=\/wp\/v2\/types\/post"}],"author":[{"embeddable":true,"href":"https:\/\/ladepeche.mr\/index.php?rest_route=\/wp\/v2\/users\/2"}],"replies":[{"embeddable":true,"href":"https:\/\/ladepeche.mr\/index.php?rest_route=%2Fwp%2Fv2%2Fcomments&post=10735"}],"version-history":[{"count":1,"href":"https:\/\/ladepeche.mr\/index.php?rest_route=\/wp\/v2\/posts\/10735\/revisions"}],"predecessor-version":[{"id":10737,"href":"https:\/\/ladepeche.mr\/index.php?rest_route=\/wp\/v2\/posts\/10735\/revisions\/10737"}],"wp:featuredmedia":[{"embeddable":true,"href":"https:\/\/ladepeche.mr\/index.php?rest_route=\/wp\/v2\/media\/10736"}],"wp:attachment":[{"href":"https:\/\/ladepeche.mr\/index.php?rest_route=%2Fwp%2Fv2%2Fmedia&parent=10735"}],"wp:term":[{"taxonomy":"category","embeddable":true,"href":"https:\/\/ladepeche.mr\/index.php?rest_route=%2Fwp%2Fv2%2Fcategories&post=10735"},{"taxonomy":"post_tag","embeddable":true,"href":"https:\/\/ladepeche.mr\/index.php?rest_route=%2Fwp%2Fv2%2Ftags&post=10735"}],"curies":[{"name":"wp","href":"https:\/\/api.w.org\/{rel}","templated":true}]}}