{"id":10740,"date":"2024-08-17T15:22:24","date_gmt":"2024-08-17T15:22:24","guid":{"rendered":"https:\/\/ladepeche.mr\/?p=10740"},"modified":"2024-08-17T15:22:24","modified_gmt":"2024-08-17T15:22:24","slug":"le-conseil-national-du-parti-insaf-elit-sid-ahmed-ould-mohamed-a-la-presidence-du-parti","status":"publish","type":"post","link":"https:\/\/ladepeche.mr\/?p=10740","title":{"rendered":"Le Conseil national du parti INSAF \u00e9lit Sid Ahmed Ould Mohamed \u00e0 la pr\u00e9sidence du parti"},"content":{"rendered":"<p>Le conseil national du parti INSAF, lors de sa session extraordinaire tenue vendredi soir au Palais des Congr\u00e8s \u00e0 Nouakchott, a \u00e9lu Sid Ahmed Ould Mohamed au poste pr\u00e9sident du parti, succ\u00e9dant ainsi \u00e0 Mohamed Malainine Ould Eyih.<\/p>\n<p>Le nouveau pr\u00e9sident du parti a indiqu\u00e9 que la confiance qui lui a \u00e9t\u00e9 accord\u00e9e par le parti et le choix dont il a \u00e9t\u00e9 honor\u00e9 sont en coh\u00e9rence avec la dynamique que connait le pays, car nous r\u00e9alisons qu\u2019aujourd\u2019hui nous pratiquons la politique au sein d\u2019un grand parti couvrant tout le pays et menant une politique bas\u00e9e sur l\u2019\u00e9quit\u00e9.<\/p>\n<p>Il s\u2019est engag\u00e9 \u00e0 poursuivre les r\u00e9formes n\u00e9cessaires \u00e0 la prochaine \u00e9tape et \u00e0 \u00ab construire un parti moderne qui interagit avec son environnement politique, qui fait l\u2019\u00e9v\u00e9nement et qui est dynamique dans son parcours, un parti \u00e0 la hauteur des attentes de la majorit\u00e9 qui l\u2019a choisi comme mode de gouvernance, qui a confiance en sa capacit\u00e9 d\u2019apporter des solutions profondes aux questions de d\u00e9veloppement \u00bb.<\/p>\n<p>Sid Ahmed Ould Mohamed a affirm\u00e9 que le parti INSAF sera un soutien politique et une aide au gouvernement du Pr\u00e9sident de la R\u00e9publique, dirig\u00e9 par M. Moctar Ould Diay, membre du Bureau ex\u00e9cutif du parti, pour mettre en \u0153uvre le programme du Pr\u00e9sident visant \u00e0 construire un \u00c9tat de droit et des institutions fortes avec une gouvernance efficace et moderne, \u00e0 construire une \u00e9conomie forte, \u00e0 autonomiser les jeunes, \u00e0 lutter contre la corruption et \u00e0 promouvoir et soutenir l\u2019inclusion sociale.<\/p>\n<p>Il a soulign\u00e9 qu\u2019il avait pris la pr\u00e9sidence du parti dans une situation internationale tr\u00e8s complexe, o\u00f9 les guerres et les troubles se multiplient et o\u00f9 les diff\u00e9rences et les divergences de vues entre les p\u00f4les interagissent, d\u00e9clarant le soutien du parti \u00e0 toutes les causes justes dans le monde, au premier rang desquelles se trouve la cause de la Palestine.<\/p>\n<p>Pour sa part, Mohamed Malainine Ould Eyih, pr\u00e9sident sortant du parti, a pass\u00e9 en revue les diff\u00e9rents programmes et interventions entrepris par le parti durant son mandat, soulignant les succ\u00e8s obtenus lors des \u00e9lections l\u00e9gislatives, r\u00e9gionales et municipales, ainsi que lors des \u00e9lections pr\u00e9sidentielles.<\/p>\n<p>Ami<\/p>\n","protected":false},"excerpt":{"rendered":"<p>Le conseil national du parti INSAF, lors de sa session extraordinaire tenue vendredi soir au Palais des Congr\u00e8s \u00e0 Nouakchott, a \u00e9lu Sid Ahmed Ould Mohamed au poste pr\u00e9sident du parti, succ\u00e9dant ainsi \u00e0 Mohamed Malainine Ould Eyih. Le nouveau pr\u00e9sident du parti a indiqu\u00e9 que la confiance qui lui a \u00e9t\u00e9 accord\u00e9e par le &hellip;<\/p>\n","protected":false},"author":2,"featured_media":10741,"comment_status":"open","ping_status":"open","sticky":false,"template":"","format":"standard","meta":{"footnotes":""},"categories":[18,31],"tags":[],"class_list":["post-10740","post","type-post","status-publish","format-standard","has-post-thumbnail","hentry","category-actualites","category-politique-et-reportages"],"_links":{"self":[{"href":"https:\/\/ladepeche.mr\/index.php?rest_route=\/wp\/v2\/posts\/10740","targetHints":{"allow":["GET"]}}],"collection":[{"href":"https:\/\/ladepeche.mr\/index.php?rest_route=\/wp\/v2\/posts"}],"about":[{"href":"https:\/\/ladepeche.mr\/index.php?rest_route=\/wp\/v2\/types\/post"}],"author":[{"embeddable":true,"href":"https:\/\/ladepeche.mr\/index.php?rest_route=\/wp\/v2\/users\/2"}],"replies":[{"embeddable":true,"href":"https:\/\/ladepeche.mr\/index.php?rest_route=%2Fwp%2Fv2%2Fcomments&post=10740"}],"version-history":[{"count":1,"href":"https:\/\/ladepeche.mr\/index.php?rest_route=\/wp\/v2\/posts\/10740\/revisions"}],"predecessor-version":[{"id":10742,"href":"https:\/\/ladepeche.mr\/index.php?rest_route=\/wp\/v2\/posts\/10740\/revisions\/10742"}],"wp:featuredmedia":[{"embeddable":true,"href":"https:\/\/ladepeche.mr\/index.php?rest_route=\/wp\/v2\/media\/10741"}],"wp:attachment":[{"href":"https:\/\/ladepeche.mr\/index.php?rest_route=%2Fwp%2Fv2%2Fmedia&parent=10740"}],"wp:term":[{"taxonomy":"category","embeddable":true,"href":"https:\/\/ladepeche.mr\/index.php?rest_route=%2Fwp%2Fv2%2Fcategories&post=10740"},{"taxonomy":"post_tag","embeddable":true,"href":"https:\/\/ladepeche.mr\/index.php?rest_route=%2Fwp%2Fv2%2Ftags&post=10740"}],"curies":[{"name":"wp","href":"https:\/\/api.w.org\/{rel}","templated":true}]}}