{"id":10743,"date":"2024-08-17T15:29:53","date_gmt":"2024-08-17T15:29:53","guid":{"rendered":"https:\/\/ladepeche.mr\/?p=10743"},"modified":"2024-08-17T15:29:53","modified_gmt":"2024-08-17T15:29:53","slug":"thiaroye-1944-le-senegal-veut-faire-la-lumiere-sur-le-massacre","status":"publish","type":"post","link":"https:\/\/ladepeche.mr\/?p=10743","title":{"rendered":"Thiaroye 1944 : le S\u00e9n\u00e9gal veut faire la lumi\u00e8re sur le massacre"},"content":{"rendered":"<div class=\"article__header mb-40\">\n<div class=\"headline font-sans -last:mb-30\">\n<p class=\"headline__lead text-18 leading-24 md:text-20 md:leading-26 mt-20\">Le Premier ministre s\u00e9n\u00e9galais, Ousmane Sonko, a install\u00e9 un comit\u00e9 pour la comm\u00e9moration de l\u2019assassinat de tirailleurs africains, pour \u00ab\u00a0aller plus loin dans la manifestation de la v\u00e9rit\u00e9\u00a0\u00bb, apr\u00e8s que six de ces soldats coloniaux ont \u00e9t\u00e9 reconnus \u00ab\u00a0morts pour la France\u00a0\u00bb par Paris.<\/p>\n<\/div>\n<\/div>\n<div class=\"article__grid grid grid-cols-1 gap-50 lg:grid-cols-sidebar\">\n<div class=\"article__content font-serif min-w-0\">\u00ab\u00a0La premi\u00e8re t\u00e2che du comit\u00e9 sera d\u2019\u00e9laborer et de valider un chronogramme d\u2019activit\u00e9s d\u00e9taill\u00e9es allant du 16 ao\u00fbt au 1<sup>er<\/sup>\u00a0d\u00e9cembre 2024 [date du 80<sup>e<\/sup>\u00a0anniversaire]. Il s\u2019agira d\u2019aller plus loin dans la manifestation de la v\u00e9rit\u00e9 pour que justice soit rendue et\u00a0<span id=\"article-engagement-10\" class=\"article-engagement\" data-progression=\"10\" data-gtm-vis-first-on-screen10742014_417=\"10707\" data-gtm-vis-total-visible-time10742014_417=\"100\" data-gtm-vis-has-fired10742014_417=\"1\">que<\/span>\u00a0les le\u00e7ons de cette trag\u00e9die soient pleinement int\u00e9gr\u00e9es dans notre conscience collective\u00a0\u00bb, a d\u00e9clar\u00e9\u00a0<a href=\"https:\/\/www.jeuneafrique.com\/personnalites\/ousmane-sonko\/\" data-mrf-link=\"https:\/\/www.jeuneafrique.com\/personnalites\/ousmane-sonko\/\">Ousmane Sonko<\/a>.<\/div>\n<\/div>\n<div><\/div>\n<div>Le Premier ministre s\u00e9n\u00e9galais a install\u00e9, ce 17 ao\u00fbt, un comit\u00e9 pour la comm\u00e9moration du\u00a0<a href=\"https:\/\/www.jeuneafrique.com\/videos\/1683\/retour-sur-le-massacre-de-thiaroye-le-1er-d-cembre-1944\/\" data-mrf-link=\"https:\/\/www.jeuneafrique.com\/videos\/1683\/retour-sur-le-massacre-de-thiaroye-le-1er-d-cembre-1944\/\">massacre, le 1<sup>er<\/sup>\u00a0d\u00e9cembre 1944, de tirailleurs\u00a0<span id=\"article-engagement-20\" class=\"article-engagement\" data-progression=\"20\" data-gtm-vis-first-on-screen10742014_417=\"11075\" data-gtm-vis-total-visible-time10742014_417=\"100\" data-gtm-vis-has-fired10742014_417=\"1\" data-gtm-vis-first-on-screen10742014_191=\"11085\" data-gtm-vis-total-visible-time10742014_191=\"100\" data-gtm-vis-has-fired10742014_191=\"1\">africains<\/span>\u00a0\u00e0 Thiaroye<\/a>, pr\u00e8s de Dakar, pour \u00ab\u00a0aller plus loin dans la manifestation de la v\u00e9rit\u00e9\u00a0\u00bb. La mise en place de ce comit\u00e9 fait suite \u00e0 la reconnaissance par Paris, le 18 juin, de six tirailleurs \u00ab\u00a0morts pour la France\u00a0\u00bb \u00e0 titre\u00a0<span id=\"article-engagement-30\" class=\"article-engagement\" data-progression=\"30\" data-gtm-vis-first-on-screen10742014_417=\"11191\" data-gtm-vis-total-visible-time10742014_417=\"100\" data-gtm-vis-has-fired10742014_417=\"1\">posthume,<\/span>\u00a0une d\u00e9cision m\u00e9morielle in\u00e9dite dans ce dossier douloureux entre la France et ses anciennes colonies.<\/div>\n<div>\n<p>Ousmane Sonko a annonc\u00e9 deux commissions. La premi\u00e8re sera charg\u00e9e d\u2019\u00e9tablir \u00ab\u00a0les preuves, les t\u00e9moignages, les documents pour comprendre pleinement les \u00e9v\u00e9nements\u00a0\u00bb. La deuxi\u00e8me, d\u00e9di\u00e9e notamment \u00ab\u00a0aux\u00a0<span id=\"article-engagement-40\" class=\"article-engagement\" data-progression=\"40\" data-gtm-vis-first-on-screen10742014_417=\"11739\" data-gtm-vis-total-visible-time10742014_417=\"100\" data-gtm-vis-has-fired10742014_417=\"1\">r\u00e9parations\u00a0\u00bb,<\/span>\u00a0devra \u00ab\u00a0proposer des actions pour honorer la m\u00e9moire des victimes et sensibiliser les g\u00e9n\u00e9rations futures\u00a0\u00bb sur la tuerie. Le comit\u00e9 est pr\u00e9sid\u00e9 par l\u2019historien s\u00e9n\u00e9galais\u00a0<a href=\"https:\/\/www.jeuneafrique.com\/1434254\/politique\/mamadou-diouf-les-africains-doivent-se-battre-pour-leurs-interets\/\" data-mrf-link=\"https:\/\/www.jeuneafrique.com\/1434254\/politique\/mamadou-diouf-les-africains-doivent-se-battre-pour-leurs-interets\/\">Mamadou Diouf<\/a>, enseignant \u00e0 l\u2019universit\u00e9 Colombia de New York.<\/p>\n<h2>\u00ab\u00a0Rassembler l\u2019ensemble des informations\u00a0\u00bb<\/h2>\n<p>Mamadou Diouf a indiqu\u00e9\u00a0<span id=\"article-engagement-50\" class=\"article-engagement\" data-progression=\"50\" data-gtm-vis-first-on-screen10742014_417=\"89694\" data-gtm-vis-total-visible-time10742014_417=\"100\" data-gtm-vis-has-fired10742014_417=\"1\">que<\/span>\u00a0la mission du comit\u00e9 sera de \u00ab\u00a0rassembler l\u2019ensemble des informations susceptibles de nous apporter l\u2019\u00e9clairage le plus pr\u00e9cieux possible sur un \u00e9v\u00e9nement [que], pendant des ann\u00e9es, la France a essay\u00e9 d\u2019effacer ou d\u2019enterrer\u00a0\u00bb. Il a ajout\u00e9 : \u00ab\u00a0L\u2019id\u00e9e est\u00a0<span id=\"article-engagement-60\" class=\"article-engagement\" data-progression=\"60\" data-gtm-vis-recent-on-screen10742014_417=\"95275\" data-gtm-vis-first-on-screen10742014_417=\"95275\" data-gtm-vis-total-visible-time10742014_417=\"100\" data-gtm-vis-has-fired10742014_417=\"1\" data-gtm-vis-recent-on-screen10742014_193=\"95284\" data-gtm-vis-first-on-screen10742014_193=\"95284\" data-gtm-vis-total-visible-time10742014_193=\"100\" data-gtm-vis-has-fired10742014_193=\"1\">de<\/span>\u00a0<a href=\"https:\/\/www.jeuneafrique.com\/mag\/468667\/culture\/senegal-plus-de-soixante-dix-ans-apres-le-massacre-de-thiaroye-reste-dans-les-memoires\/\" data-mrf-link=\"https:\/\/www.jeuneafrique.com\/mag\/468667\/culture\/senegal-plus-de-soixante-dix-ans-apres-le-massacre-de-thiaroye-reste-dans-les-memoires\/\">rassembler les archives, les t\u00e9moignages oraux, artistiques et culturels<\/a>\u00a0afin d\u2019apporter une vision que les Africains et les S\u00e9n\u00e9galais portent pour d\u00e9finir leur identit\u00e9.\u00a0\u00bb<\/p>\n<p>Au matin du 1<sup>er<\/sup>\u00a0d\u00e9cembre 1944, au camp militaire de Thiaroye, pr\u00e8s de Dakar, des troupes coloniales\u00a0<span id=\"article-engagement-70\" class=\"article-engagement\" data-progression=\"70\" data-gtm-vis-first-on-screen10742014_417=\"109194\" data-gtm-vis-total-visible-time10742014_417=\"100\" data-gtm-vis-has-fired10742014_417=\"1\">et<\/span>\u00a0des gendarmes fran\u00e7ais avaient<a href=\"https:\/\/www.jeuneafrique.com\/39576\/politique\/massacre-de-thiaroye-avec-macky-sall-fran-ois-hollande-voque-la-dette-de-sang-de-la-france\/\" data-mrf-link=\"https:\/\/www.jeuneafrique.com\/39576\/politique\/massacre-de-thiaroye-avec-macky-sall-fran-ois-hollande-voque-la-dette-de-sang-de-la-france\/\">\u00a0tir\u00e9 sur ordre d\u2019officiers de l\u2019arm\u00e9e fran\u00e7aise sur des tirailleurs africains<\/a>\u00a0rapatri\u00e9s, qui r\u00e9clamaient leurs arri\u00e9r\u00e9s de solde. Les tirailleurs africains \u00e9taient des soldats du continent qui se battaient sous le drapeau fran\u00e7ais. Parmi les six\u00a0<span id=\"article-engagement-80\" class=\"article-engagement\" data-progression=\"80\" data-gtm-vis-first-on-screen10742014_417=\"109496\" data-gtm-vis-total-visible-time10742014_417=\"100\" data-gtm-vis-has-fired10742014_417=\"1\">hommes<\/span>\u00a0concern\u00e9s, quatre \u00e9taient s\u00e9n\u00e9galais, un \u00e9tait ivoirien et un autre burkinab\u00e8.<\/p>\n<p>Fin juillet, le Premier ministre, en tant que chef de son parti Pastef-Les Patriotes, avait critiqu\u00e9 la d\u00e9cision de la France, affirmant que\u00a0<a href=\"https:\/\/www.jeuneafrique.com\/1593547\/politique\/massacre-de-thiaroye-pour-ousmane-sonko-ce-nest-pas-a-la-france-de-fixer-unilateralement-le-nombre-dafricains-trahis-et-assassines\/\" data-mrf-link=\"https:\/\/www.jeuneafrique.com\/1593547\/politique\/massacre-de-thiaroye-pour-ousmane-sonko-ce-nest-pas-a-la-france-de-fixer-unilateralement-le-nombre-dafricains-trahis-et-assassines\/\">ce n\u2019\u00e9tait pas \u00e0 Paris de \u00ab\u00a0fixer\u00a0<span id=\"article-engagement-90\" class=\"article-engagement\" data-progression=\"90\" data-gtm-vis-recent-on-screen10742014_417=\"109543\" data-gtm-vis-first-on-screen10742014_417=\"109543\" data-gtm-vis-total-visible-time10742014_417=\"100\" data-gtm-vis-has-fired10742014_417=\"1\">unilat\u00e9ralement<\/span>\u00a0le nombre d\u2019Africains trahis et assassin\u00e9s\u00a0\u00bb<\/a>. Selon le bilan des autorit\u00e9s fran\u00e7aises \u00e0 l\u2019\u00e9poque, au moins 35 tirailleurs avaient trouv\u00e9 la mort \u00e0 Thiaroye. Un chiffre qui reste encore sujet \u00e0 controverse, certains historiens l\u2019estimant \u00e0\u00a0<span id=\"article-engagement-100\" class=\"article-engagement\" data-progression=\"100\" data-gtm-vis-recent-on-screen10742014_417=\"109609\" data-gtm-vis-first-on-screen10742014_417=\"109609\" data-gtm-vis-total-visible-time10742014_417=\"100\" data-gtm-vis-has-fired10742014_417=\"1\" data-gtm-vis-recent-on-screen10742014_199=\"109616\" data-gtm-vis-first-on-screen10742014_199=\"109616\" data-gtm-vis-total-visible-time10742014_199=\"100\" data-gtm-vis-has-fired10742014_199=\"1\">plusieurs<\/span>\u00a0centaines.<\/p>\n<p><strong>(avec AFP)<\/strong><\/p>\n<\/div>\n","protected":false},"excerpt":{"rendered":"<p>Le Premier ministre s\u00e9n\u00e9galais, Ousmane Sonko, a install\u00e9 un comit\u00e9 pour la comm\u00e9moration de l\u2019assassinat de tirailleurs africains, pour \u00ab\u00a0aller plus loin dans la manifestation de la v\u00e9rit\u00e9\u00a0\u00bb, apr\u00e8s que six de ces soldats coloniaux ont \u00e9t\u00e9 reconnus \u00ab\u00a0morts pour la France\u00a0\u00bb par Paris. \u00ab\u00a0La premi\u00e8re t\u00e2che du comit\u00e9 sera d\u2019\u00e9laborer et de valider un &hellip;<\/p>\n","protected":false},"author":2,"featured_media":10744,"comment_status":"open","ping_status":"open","sticky":false,"template":"","format":"standard","meta":{"footnotes":""},"categories":[18,29],"tags":[],"class_list":["post-10743","post","type-post","status-publish","format-standard","has-post-thumbnail","hentry","category-actualites","category-monde"],"_links":{"self":[{"href":"https:\/\/ladepeche.mr\/index.php?rest_route=\/wp\/v2\/posts\/10743","targetHints":{"allow":["GET"]}}],"collection":[{"href":"https:\/\/ladepeche.mr\/index.php?rest_route=\/wp\/v2\/posts"}],"about":[{"href":"https:\/\/ladepeche.mr\/index.php?rest_route=\/wp\/v2\/types\/post"}],"author":[{"embeddable":true,"href":"https:\/\/ladepeche.mr\/index.php?rest_route=\/wp\/v2\/users\/2"}],"replies":[{"embeddable":true,"href":"https:\/\/ladepeche.mr\/index.php?rest_route=%2Fwp%2Fv2%2Fcomments&post=10743"}],"version-history":[{"count":1,"href":"https:\/\/ladepeche.mr\/index.php?rest_route=\/wp\/v2\/posts\/10743\/revisions"}],"predecessor-version":[{"id":10745,"href":"https:\/\/ladepeche.mr\/index.php?rest_route=\/wp\/v2\/posts\/10743\/revisions\/10745"}],"wp:featuredmedia":[{"embeddable":true,"href":"https:\/\/ladepeche.mr\/index.php?rest_route=\/wp\/v2\/media\/10744"}],"wp:attachment":[{"href":"https:\/\/ladepeche.mr\/index.php?rest_route=%2Fwp%2Fv2%2Fmedia&parent=10743"}],"wp:term":[{"taxonomy":"category","embeddable":true,"href":"https:\/\/ladepeche.mr\/index.php?rest_route=%2Fwp%2Fv2%2Fcategories&post=10743"},{"taxonomy":"post_tag","embeddable":true,"href":"https:\/\/ladepeche.mr\/index.php?rest_route=%2Fwp%2Fv2%2Ftags&post=10743"}],"curies":[{"name":"wp","href":"https:\/\/api.w.org\/{rel}","templated":true}]}}