{"id":10752,"date":"2024-08-17T15:56:54","date_gmt":"2024-08-17T15:56:54","guid":{"rendered":"https:\/\/ladepeche.mr\/?p=10752"},"modified":"2024-08-17T21:46:13","modified_gmt":"2024-08-17T21:46:13","slug":"la-presidence-de-la-republique-a-annonce-ce-vendredi-quen-vertu-dun-decret-rendu-public-ce-jour-m-mohamed-lemine-ould-mahmoudi-est-nomme-charge-de-mission-au-premier-ministere","status":"publish","type":"post","link":"https:\/\/ladepeche.mr\/?p=10752","title":{"rendered":"M\u00e9dias: Mission pour Ould Mahmoudi \u00e0 la primature!"},"content":{"rendered":"<p>La Pr\u00e9sidence de la R\u00e9publique a annonc\u00e9 vendredi, qu\u2019en vertu d\u2019un d\u00e9cret rendu public, le m\u00eame jour, notre confr\u00e8re, Mohamed Lemine Ould Mahmoudi, \u00e9tait nomm\u00e9 charg\u00e9 de mission au premier minist\u00e8re. Ce n&#8217;est sans doute pas une surprise pour ce &#8220;jeune-vieux&#8221; journaliste qu&#8217;on ne pr\u00e9sente plus.<\/p>\n<p>Journaliste arabophone professionnel, courtois et efficace, Mohamed Lemine Ould Mahmoudi est connu de la &#8220;vieille garde&#8221; des journalistes de la place. Il a \u00e9galement fourbu ses arm\u00e9s \u00e0 l&#8217;ext\u00e9rieur dans les EAU notamment. La primature y gagne sans doute un excellent communicateur.<\/p>\n<p>Bon vent!<\/p>\n<p>Ami<\/p>\n","protected":false},"excerpt":{"rendered":"<p>La Pr\u00e9sidence de la R\u00e9publique a annonc\u00e9 vendredi, qu\u2019en vertu d\u2019un d\u00e9cret rendu public, le m\u00eame jour, notre confr\u00e8re, Mohamed Lemine Ould Mahmoudi, \u00e9tait nomm\u00e9 charg\u00e9 de mission au premier minist\u00e8re. Ce n&#8217;est sans doute pas une surprise pour ce &#8220;jeune-vieux&#8221; journaliste qu&#8217;on ne pr\u00e9sente plus. Journaliste arabophone professionnel, courtois et efficace, Mohamed Lemine Ould &hellip;<\/p>\n","protected":false},"author":2,"featured_media":10776,"comment_status":"open","ping_status":"open","sticky":false,"template":"","format":"standard","meta":{"footnotes":""},"categories":[18],"tags":[],"class_list":["post-10752","post","type-post","status-publish","format-standard","has-post-thumbnail","hentry","category-actualites"],"_links":{"self":[{"href":"https:\/\/ladepeche.mr\/index.php?rest_route=\/wp\/v2\/posts\/10752","targetHints":{"allow":["GET"]}}],"collection":[{"href":"https:\/\/ladepeche.mr\/index.php?rest_route=\/wp\/v2\/posts"}],"about":[{"href":"https:\/\/ladepeche.mr\/index.php?rest_route=\/wp\/v2\/types\/post"}],"author":[{"embeddable":true,"href":"https:\/\/ladepeche.mr\/index.php?rest_route=\/wp\/v2\/users\/2"}],"replies":[{"embeddable":true,"href":"https:\/\/ladepeche.mr\/index.php?rest_route=%2Fwp%2Fv2%2Fcomments&post=10752"}],"version-history":[{"count":4,"href":"https:\/\/ladepeche.mr\/index.php?rest_route=\/wp\/v2\/posts\/10752\/revisions"}],"predecessor-version":[{"id":10778,"href":"https:\/\/ladepeche.mr\/index.php?rest_route=\/wp\/v2\/posts\/10752\/revisions\/10778"}],"wp:featuredmedia":[{"embeddable":true,"href":"https:\/\/ladepeche.mr\/index.php?rest_route=\/wp\/v2\/media\/10776"}],"wp:attachment":[{"href":"https:\/\/ladepeche.mr\/index.php?rest_route=%2Fwp%2Fv2%2Fmedia&parent=10752"}],"wp:term":[{"taxonomy":"category","embeddable":true,"href":"https:\/\/ladepeche.mr\/index.php?rest_route=%2Fwp%2Fv2%2Fcategories&post=10752"},{"taxonomy":"post_tag","embeddable":true,"href":"https:\/\/ladepeche.mr\/index.php?rest_route=%2Fwp%2Fv2%2Ftags&post=10752"}],"curies":[{"name":"wp","href":"https:\/\/api.w.org\/{rel}","templated":true}]}}