{"id":10755,"date":"2024-08-17T18:00:34","date_gmt":"2024-08-17T18:00:34","guid":{"rendered":"https:\/\/ladepeche.mr\/?p=10755"},"modified":"2024-08-17T16:14:20","modified_gmt":"2024-08-17T16:14:20","slug":"lancement-de-la-campagne-iamsahel-par-le-pnud","status":"publish","type":"post","link":"https:\/\/ladepeche.mr\/?p=10755","title":{"rendered":"Lancement de la campagne #IAMSahel par le PNUD"},"content":{"rendered":"<p><strong>Le Programme des Nations Unies pour le d\u00e9veloppement (PNUD) a annonc\u00e9 aujourd&#8217;hui le lancement de la campagne #JeSuisSahel. Cette initiative vise \u00e0 reconfigurer la perception du Sahel en mettant en avant les exp\u00e9riences de r\u00e9silience et les r\u00e9ussites locales.<\/strong><\/p>\n<p>D&#8217;apr\u00e8s le PNUD, la campagne\u00a0<strong>#JeSuisSahel<\/strong>\u00a0se concentre sur les contributions des habitants du Sahel, en particulier les femmes et les jeunes. Elle cherche \u00e0 valoriser la diversit\u00e9 culturelle et les ressources naturelles de la r\u00e9gion, souvent per\u00e7ue principalement \u00e0 travers les d\u00e9fis qu&#8217;elle rencontre.<\/p>\n<p>La campagne s&#8217;inscrit dans le cadre des efforts du PNUD pour soutenir la r\u00e9gion, en compl\u00e9ment de la Strat\u00e9gie int\u00e9gr\u00e9e des Nations Unies pour le Sahel (UNISS).<\/p>\n<p>Selon des informations du PNUD, cette strat\u00e9gie comprend des actions visant \u00e0 promouvoir l&#8217;emploi, l&#8217;entrepreneuriat, l&#8217;acc\u00e8s \u00e0 la justice et \u00e0 l&#8217;\u00e9nergie renouvelable pour les populations du Sahel.<\/p>\n<p>Le PNUD a \u00e9galement soulign\u00e9 que #JeSuisSahel a pour but de stimuler l&#8217;action collective et attirer des investissements dans des solutions locales, en mettant en lumi\u00e8re les opportunit\u00e9s de d\u00e9veloppement et les initiatives communautaires susceptibles de transformer positivement la r\u00e9gion.<\/p>\n<p>https:\/\/fr.africanews.com\/2024\/08\/16\/lancement-de-la-campagne-iamsahel-par-le-pnud\/<\/p>\n","protected":false},"excerpt":{"rendered":"<p>Le Programme des Nations Unies pour le d\u00e9veloppement (PNUD) a annonc\u00e9 aujourd&#8217;hui le lancement de la campagne #JeSuisSahel. Cette initiative vise \u00e0 reconfigurer la perception du Sahel en mettant en avant les exp\u00e9riences de r\u00e9silience et les r\u00e9ussites locales. D&#8217;apr\u00e8s le PNUD, la campagne\u00a0#JeSuisSahel\u00a0se concentre sur les contributions des habitants du Sahel, en particulier les &hellip;<\/p>\n","protected":false},"author":2,"featured_media":10756,"comment_status":"open","ping_status":"open","sticky":false,"template":"","format":"standard","meta":{"footnotes":""},"categories":[18,29],"tags":[],"class_list":["post-10755","post","type-post","status-publish","format-standard","has-post-thumbnail","hentry","category-actualites","category-monde"],"_links":{"self":[{"href":"https:\/\/ladepeche.mr\/index.php?rest_route=\/wp\/v2\/posts\/10755","targetHints":{"allow":["GET"]}}],"collection":[{"href":"https:\/\/ladepeche.mr\/index.php?rest_route=\/wp\/v2\/posts"}],"about":[{"href":"https:\/\/ladepeche.mr\/index.php?rest_route=\/wp\/v2\/types\/post"}],"author":[{"embeddable":true,"href":"https:\/\/ladepeche.mr\/index.php?rest_route=\/wp\/v2\/users\/2"}],"replies":[{"embeddable":true,"href":"https:\/\/ladepeche.mr\/index.php?rest_route=%2Fwp%2Fv2%2Fcomments&post=10755"}],"version-history":[{"count":1,"href":"https:\/\/ladepeche.mr\/index.php?rest_route=\/wp\/v2\/posts\/10755\/revisions"}],"predecessor-version":[{"id":10757,"href":"https:\/\/ladepeche.mr\/index.php?rest_route=\/wp\/v2\/posts\/10755\/revisions\/10757"}],"wp:featuredmedia":[{"embeddable":true,"href":"https:\/\/ladepeche.mr\/index.php?rest_route=\/wp\/v2\/media\/10756"}],"wp:attachment":[{"href":"https:\/\/ladepeche.mr\/index.php?rest_route=%2Fwp%2Fv2%2Fmedia&parent=10755"}],"wp:term":[{"taxonomy":"category","embeddable":true,"href":"https:\/\/ladepeche.mr\/index.php?rest_route=%2Fwp%2Fv2%2Fcategories&post=10755"},{"taxonomy":"post_tag","embeddable":true,"href":"https:\/\/ladepeche.mr\/index.php?rest_route=%2Fwp%2Fv2%2Ftags&post=10755"}],"curies":[{"name":"wp","href":"https:\/\/api.w.org\/{rel}","templated":true}]}}