{"id":10758,"date":"2024-08-17T16:22:00","date_gmt":"2024-08-17T16:22:00","guid":{"rendered":"https:\/\/ladepeche.mr\/?p=10758"},"modified":"2024-08-17T16:22:00","modified_gmt":"2024-08-17T16:22:00","slug":"une-attaque-djihadiste-presumee-tue-au-moins-15-soldats-maliens","status":"publish","type":"post","link":"https:\/\/ladepeche.mr\/?p=10758","title":{"rendered":"Une attaque djihadiste pr\u00e9sum\u00e9e tue au moins 15 soldats maliens"},"content":{"rendered":"<p><strong>Une attaque men\u00e9e par des terroristes li\u00e9s \u00e0 Al-Qa\u00efda a tu\u00e9 au moins quinze membres des forces de d\u00e9fense et de s\u00e9curit\u00e9 du Mali, pr\u00e8s de la localit\u00e9 de Diallassagou.<\/strong><\/p>\n<p>Selon un \u00e9lu de la r\u00e9gion de Mopti, requ\u00e9rant l&#8217;anonymat pour des raisons de s\u00e9curit\u00e9, ces attaques ont \u00e9t\u00e9\u00a0\u00ab revendiqu\u00e9es \u00bb\u00a0par le\u00a0GSIM, Groupe de soutien \u00e0 l\u2019islam et aux musulmans, une alliance djihadiste affili\u00e9e \u00e0 Al-Qaida. Un gendarme et 14 \u00e9l\u00e9ments de la garde nationale du Mali ont \u00e9t\u00e9 tu\u00e9s dans une embuscade tendue par ces djihadistes. L\u2019\u00e9lu \u00e0 indiqu\u00e9 qu\u2019il y avait \u00e9galement des bless\u00e9s et des port\u00e9s disparus dans les rangs de l&#8217;arm\u00e9e.<\/p>\n<p>Fin juillet, des dizaines de soldats maliens et de combattants du groupe paramilitaire russe Wagner avaient trouv\u00e9 la mort lors de combats contre des rebelles s\u00e9paratistes et des djihadistes dans le nord. Il s\u2019agit de la plus lourde d\u00e9faite subie en une bataille par le groupe Wagner en Afrique, selon des analystes. En trois jours de combats intenses, les s\u00e9paratistes touaregs d\u00e9claraient avoir tu\u00e9 84 combattants de Wagner et 47 soldats maliens.<\/p>\n<p>https:\/\/fr.africanews.com\/<\/p>\n","protected":false},"excerpt":{"rendered":"<p>Une attaque men\u00e9e par des terroristes li\u00e9s \u00e0 Al-Qa\u00efda a tu\u00e9 au moins quinze membres des forces de d\u00e9fense et de s\u00e9curit\u00e9 du Mali, pr\u00e8s de la localit\u00e9 de Diallassagou. Selon un \u00e9lu de la r\u00e9gion de Mopti, requ\u00e9rant l&#8217;anonymat pour des raisons de s\u00e9curit\u00e9, ces attaques ont \u00e9t\u00e9\u00a0\u00ab revendiqu\u00e9es \u00bb\u00a0par le\u00a0GSIM, Groupe de soutien &hellip;<\/p>\n","protected":false},"author":2,"featured_media":10759,"comment_status":"open","ping_status":"open","sticky":false,"template":"","format":"standard","meta":{"footnotes":""},"categories":[18,29],"tags":[],"class_list":["post-10758","post","type-post","status-publish","format-standard","has-post-thumbnail","hentry","category-actualites","category-monde"],"_links":{"self":[{"href":"https:\/\/ladepeche.mr\/index.php?rest_route=\/wp\/v2\/posts\/10758","targetHints":{"allow":["GET"]}}],"collection":[{"href":"https:\/\/ladepeche.mr\/index.php?rest_route=\/wp\/v2\/posts"}],"about":[{"href":"https:\/\/ladepeche.mr\/index.php?rest_route=\/wp\/v2\/types\/post"}],"author":[{"embeddable":true,"href":"https:\/\/ladepeche.mr\/index.php?rest_route=\/wp\/v2\/users\/2"}],"replies":[{"embeddable":true,"href":"https:\/\/ladepeche.mr\/index.php?rest_route=%2Fwp%2Fv2%2Fcomments&post=10758"}],"version-history":[{"count":1,"href":"https:\/\/ladepeche.mr\/index.php?rest_route=\/wp\/v2\/posts\/10758\/revisions"}],"predecessor-version":[{"id":10760,"href":"https:\/\/ladepeche.mr\/index.php?rest_route=\/wp\/v2\/posts\/10758\/revisions\/10760"}],"wp:featuredmedia":[{"embeddable":true,"href":"https:\/\/ladepeche.mr\/index.php?rest_route=\/wp\/v2\/media\/10759"}],"wp:attachment":[{"href":"https:\/\/ladepeche.mr\/index.php?rest_route=%2Fwp%2Fv2%2Fmedia&parent=10758"}],"wp:term":[{"taxonomy":"category","embeddable":true,"href":"https:\/\/ladepeche.mr\/index.php?rest_route=%2Fwp%2Fv2%2Fcategories&post=10758"},{"taxonomy":"post_tag","embeddable":true,"href":"https:\/\/ladepeche.mr\/index.php?rest_route=%2Fwp%2Fv2%2Ftags&post=10758"}],"curies":[{"name":"wp","href":"https:\/\/api.w.org\/{rel}","templated":true}]}}