{"id":10768,"date":"2024-08-17T20:30:48","date_gmt":"2024-08-17T20:30:48","guid":{"rendered":"https:\/\/ladepeche.mr\/?p=10768"},"modified":"2024-08-17T18:04:35","modified_gmt":"2024-08-17T18:04:35","slug":"gaza-israel-tue-69-autres-palestiniens-le-bilan-approche-les-40-100-morts","status":"publish","type":"post","link":"https:\/\/ladepeche.mr\/?p=10768","title":{"rendered":"Gaza: Isra\u00ebl tue 69 autres Palestiniens, le bilan approche les 40 100 morts"},"content":{"rendered":"<h4>&#8211; Le minist\u00e8re de la sant\u00e9 de Gaza indique qu&#8217;au moins 92 537 Palestiniens ont \u00e9t\u00e9 bless\u00e9s par les attaques isra\u00e9liennes depuis le 7 octobre 2023.<\/h4>\n<div class=\"row\">\n<p>L&#8217;arm\u00e9e isra\u00e9lienne a tu\u00e9 69 nouveaux Palestiniens lors d&#8217;attaques dans la bande de Gaza, portant le nombre total de morts \u00e0 40 074 depuis le 7 octobre dernier, a d\u00e9clar\u00e9 samedi le minist\u00e8re de la sant\u00e9 de l&#8217;enclave.<\/p>\n<p>Un communiqu\u00e9 du minist\u00e8re ajoute que quelque 92 537 autres personnes ont \u00e9t\u00e9 bless\u00e9es dans les attaques meurtri\u00e8res en cours.<\/p>\n<p>Les forces isra\u00e9liennes ont tu\u00e9 69 personnes et en ont bless\u00e9 136 autres lors de cinq \u00ab massacres \u00bb perp\u00e9tr\u00e9s contre des familles au cours des derni\u00e8res 48 heures \u00bb, a d\u00e9clar\u00e9 le minist\u00e8re.<\/p>\n<p>\u00ab De nombreuses personnes sont toujours pi\u00e9g\u00e9es sous les d\u00e9combres et sur les routes, les sauveteurs ne pouvant les atteindre \u00bb, a ajout\u00e9 le minist\u00e8re.<\/p>\n<p>Isra\u00ebl, qui fait fi d&#8217;une r\u00e9solution du Conseil de s\u00e9curit\u00e9 des Nations unies exigeant un cessez-le-feu imm\u00e9diat, a \u00e9t\u00e9 condamn\u00e9 par la communaut\u00e9 internationale pour la poursuite de son offensive brutale sur Gaza depuis l&#8217;attaque du 7 octobre men\u00e9e par le Hamas.<\/p>\n<p>Plus de dix mois apr\u00e8s le d\u00e9but de la guerre isra\u00e9lienne, de vastes \u00e9tendues de Gaza sont en ruines, soumises \u00e0 un blocus paralysant qui les prive de nourriture, d&#8217;eau potable et de m\u00e9dicaments.<\/p>\n<p>Isra\u00ebl est accus\u00e9 de g\u00e9nocide par la Cour internationale de justice (CIJ), qui lui a ordonn\u00e9 de mettre imm\u00e9diatement fin \u00e0 son op\u00e9ration militaire dans la ville m\u00e9ridionale de Rafah, o\u00f9 plus d&#8217;un million de Palestiniens s&#8217;\u00e9taient r\u00e9fugi\u00e9s pour \u00e9chapper \u00e0 la guerre avant d&#8217;\u00eatre envahis le 6 mai.<\/p>\n<p>aa.com.tr<\/p>\n<\/div>\n","protected":false},"excerpt":{"rendered":"<p>&#8211; Le minist\u00e8re de la sant\u00e9 de Gaza indique qu&#8217;au moins 92 537 Palestiniens ont \u00e9t\u00e9 bless\u00e9s par les attaques isra\u00e9liennes depuis le 7 octobre 2023. L&#8217;arm\u00e9e isra\u00e9lienne a tu\u00e9 69 nouveaux Palestiniens lors d&#8217;attaques dans la bande de Gaza, portant le nombre total de morts \u00e0 40 074 depuis le 7 octobre dernier, a &hellip;<\/p>\n","protected":false},"author":2,"featured_media":10769,"comment_status":"open","ping_status":"open","sticky":false,"template":"","format":"standard","meta":{"footnotes":""},"categories":[18,29],"tags":[],"class_list":["post-10768","post","type-post","status-publish","format-standard","has-post-thumbnail","hentry","category-actualites","category-monde"],"_links":{"self":[{"href":"https:\/\/ladepeche.mr\/index.php?rest_route=\/wp\/v2\/posts\/10768","targetHints":{"allow":["GET"]}}],"collection":[{"href":"https:\/\/ladepeche.mr\/index.php?rest_route=\/wp\/v2\/posts"}],"about":[{"href":"https:\/\/ladepeche.mr\/index.php?rest_route=\/wp\/v2\/types\/post"}],"author":[{"embeddable":true,"href":"https:\/\/ladepeche.mr\/index.php?rest_route=\/wp\/v2\/users\/2"}],"replies":[{"embeddable":true,"href":"https:\/\/ladepeche.mr\/index.php?rest_route=%2Fwp%2Fv2%2Fcomments&post=10768"}],"version-history":[{"count":1,"href":"https:\/\/ladepeche.mr\/index.php?rest_route=\/wp\/v2\/posts\/10768\/revisions"}],"predecessor-version":[{"id":10770,"href":"https:\/\/ladepeche.mr\/index.php?rest_route=\/wp\/v2\/posts\/10768\/revisions\/10770"}],"wp:featuredmedia":[{"embeddable":true,"href":"https:\/\/ladepeche.mr\/index.php?rest_route=\/wp\/v2\/media\/10769"}],"wp:attachment":[{"href":"https:\/\/ladepeche.mr\/index.php?rest_route=%2Fwp%2Fv2%2Fmedia&parent=10768"}],"wp:term":[{"taxonomy":"category","embeddable":true,"href":"https:\/\/ladepeche.mr\/index.php?rest_route=%2Fwp%2Fv2%2Fcategories&post=10768"},{"taxonomy":"post_tag","embeddable":true,"href":"https:\/\/ladepeche.mr\/index.php?rest_route=%2Fwp%2Fv2%2Ftags&post=10768"}],"curies":[{"name":"wp","href":"https:\/\/api.w.org\/{rel}","templated":true}]}}