{"id":10782,"date":"2024-08-18T21:52:20","date_gmt":"2024-08-18T21:52:20","guid":{"rendered":"https:\/\/ladepeche.mr\/?p=10782"},"modified":"2024-08-18T21:52:20","modified_gmt":"2024-08-18T21:52:20","slug":"mauritanie-des-pluies-de-125-mm-sont-tombees-sur-nejama-hodh-chargui-et-115-mm-a-masgoul-dans-le-guidimagha","status":"publish","type":"post","link":"https:\/\/ladepeche.mr\/?p=10782","title":{"rendered":"Mauritanie : des pluies de 125 mm sont tomb\u00e9es sur Nejama (Hodh Chargui) et 115 mm \u00e0 Masgoul dans le Guidimagha"},"content":{"rendered":"<p>Dans la nuit du 17 au 18 ao\u00fbt 2024, la Mauritanie a \u00e9t\u00e9 touch\u00e9e par d\u2019importantes pluies notamment dans les r\u00e9gions des deux Hodhs, le Gorgol, le Guidimagha, l\u2019Assaba, le Brakna, le Trarza, l\u2019Adrar.<\/p>\n<p>Dans le Hodh Chargui, on a enregistr\u00e9 des pr\u00e9cipitations de 104 mm \u00e0 AWEINAT RAJAT et de 100 mm \u00e0 AIN OULAD WEISS, 102 mm \u00e0 OUM SBOUA, 125 mm \u00e0 NEJAMA, 110 mm \u00e0 SAFHA EL HAMRA, 100 mm \u00e0 GUERVAVIA, da\u2019pr\u00e8s le r\u00e9seau administratif de Commandement du Minist\u00e8re de l\u2019Int\u00e9rieur, de la D\u00e9centralisation et du D\u00e9veloppement local.<\/p>\n<p>Dans le Hodh Gharbi, des pluies de 100 mm sont tomb\u00e9es sur DAR OULLA, 105 mm \u00e0 MEILEH, 100 mm \u00e0 T\u2019WEIMRAT.<\/p>\n<p>Dans le GUIDIMAGHA, on note des pr\u00e9cipitations de 115 mm \u00e0 MASGOUL.<br \/>\ncridem<\/p>\n","protected":false},"excerpt":{"rendered":"<p>Dans la nuit du 17 au 18 ao\u00fbt 2024, la Mauritanie a \u00e9t\u00e9 touch\u00e9e par d\u2019importantes pluies notamment dans les r\u00e9gions des deux Hodhs, le Gorgol, le Guidimagha, l\u2019Assaba, le Brakna, le Trarza, l\u2019Adrar. Dans le Hodh Chargui, on a enregistr\u00e9 des pr\u00e9cipitations de 104 mm \u00e0 AWEINAT RAJAT et de 100 mm \u00e0 AIN &hellip;<\/p>\n","protected":false},"author":2,"featured_media":10282,"comment_status":"open","ping_status":"open","sticky":false,"template":"","format":"standard","meta":{"footnotes":""},"categories":[18],"tags":[],"class_list":["post-10782","post","type-post","status-publish","format-standard","has-post-thumbnail","hentry","category-actualites"],"_links":{"self":[{"href":"https:\/\/ladepeche.mr\/index.php?rest_route=\/wp\/v2\/posts\/10782","targetHints":{"allow":["GET"]}}],"collection":[{"href":"https:\/\/ladepeche.mr\/index.php?rest_route=\/wp\/v2\/posts"}],"about":[{"href":"https:\/\/ladepeche.mr\/index.php?rest_route=\/wp\/v2\/types\/post"}],"author":[{"embeddable":true,"href":"https:\/\/ladepeche.mr\/index.php?rest_route=\/wp\/v2\/users\/2"}],"replies":[{"embeddable":true,"href":"https:\/\/ladepeche.mr\/index.php?rest_route=%2Fwp%2Fv2%2Fcomments&post=10782"}],"version-history":[{"count":1,"href":"https:\/\/ladepeche.mr\/index.php?rest_route=\/wp\/v2\/posts\/10782\/revisions"}],"predecessor-version":[{"id":10783,"href":"https:\/\/ladepeche.mr\/index.php?rest_route=\/wp\/v2\/posts\/10782\/revisions\/10783"}],"wp:featuredmedia":[{"embeddable":true,"href":"https:\/\/ladepeche.mr\/index.php?rest_route=\/wp\/v2\/media\/10282"}],"wp:attachment":[{"href":"https:\/\/ladepeche.mr\/index.php?rest_route=%2Fwp%2Fv2%2Fmedia&parent=10782"}],"wp:term":[{"taxonomy":"category","embeddable":true,"href":"https:\/\/ladepeche.mr\/index.php?rest_route=%2Fwp%2Fv2%2Fcategories&post=10782"},{"taxonomy":"post_tag","embeddable":true,"href":"https:\/\/ladepeche.mr\/index.php?rest_route=%2Fwp%2Fv2%2Ftags&post=10782"}],"curies":[{"name":"wp","href":"https:\/\/api.w.org\/{rel}","templated":true}]}}