{"id":10784,"date":"2024-08-18T23:25:09","date_gmt":"2024-08-18T23:25:09","guid":{"rendered":"https:\/\/ladepeche.mr\/?p=10784"},"modified":"2024-08-18T23:25:09","modified_gmt":"2024-08-18T23:25:09","slug":"pourparlers-pour-un-cessez-le-feu-a-gaza-netanyahou-continue-ses-embuches","status":"publish","type":"post","link":"https:\/\/ladepeche.mr\/?p=10784","title":{"rendered":"Pourparlers pour un cessez-le-feu \u00e0 Gaza: Netanyahou continue ses emb\u00fbches"},"content":{"rendered":"<p>Les n\u00e9gociations pour un cessez-le-feu pi\u00e9tinent \u00e0 Doha. Un \u00e9ni\u00e8me blocage introduit, \u00e0 ce qui \u00e9tait au d\u00e9part sa propre proposition, pr\u00e9sent\u00e9e en mai par les Etats-Unis, par le criminel de guerre, B. Netanyahou. Dans un dernier sprint, le secr\u00e9taire d\u2019Etat am\u00e9ricain, A. Blinken est arriv\u00e9, dimanche, \u00e0 Tel Aviv pour faire entendre raison au premier Ministre isra\u00e9lien.<\/p>\n<p>C\u2019est sans doute peine perdue que de vouloir convaincre le premier Ministre Isra\u00e9lien d\u2019accepter de faire des concessions pour une recherche de tr\u00eave avec le Hamas. Il avait d\u00e9j\u00e0 torpill\u00e9 toutes les pr\u00e9c\u00e9dentes tentatives au point que les opinions publiques dans le monde avaient conclu que l\u2019Administration Us ne le poussait vraiment pas \u00e0 sceller un accord mais lui permettait, plut\u00f4t, de gagner du temps dans son \u0153uvre sordide \u00e0 \u00e9crabouiller les civils palestiniens.<\/p>\n<p>Plus de 40.000 victimes aujourd\u2019hui dont singuli\u00e8rement une majorit\u00e9 d\u2019enfants et de femmes. A chaque d\u00e9tour de n\u00e9gociations, Netanyahou sortait, en effet, une nouvelle salve de propositions pour arr\u00eater le processus. Les m\u00eames mots, les m\u00eames rh\u00e9toriques, pour ne pas dire, les m\u00eames excuses des responsables am\u00e9ricains accompagnaient l&#8217;arr\u00eat brusque des pourparlers avant d&#8217;en faire endosser le Hamas.\u00a0 A chaque fois s&#8217;alternaient Blinken, Karine Jean-Pierre, J. Kerby et m\u00eame J. Biden pour signifier que malgr\u00e9 tout les choses avan\u00e7aient. Oui, mais dans quel sens? Sans doute celui de l&#8217;extermination programm\u00e9e d&#8217;un peuple, de la violation des droits humains et des r\u00e8gles et conventions sur les conflits. Netanyahou, jusqu&#8217;au Congr\u00e8s Us, b\u00e9n\u00e9ficie encore et toujours de &#8220;circonstances att\u00e9nuantes&#8221;. Il n&#8217;y a pas pourtant\u00a0 au regard du droit international, des r\u00e8gles et des traditions et m\u00eame de la simple morale une norme que Netanyahou n&#8217;ait pas transgress\u00e9e.<\/p>\n<p>Le pr\u00e9sent d\u00e9placement de Bliken sera le 9\u00e8me d\u00e9placement, depuis le 7 octobre, du chef de la diplomatie Us dans la r\u00e9gion. R\u00e9ussira-t-il \u00e0 faire plier le premier Ministre Netanyahou qui s\u2019accroche \u00e0 la poursuite des hostilit\u00e9s avec tous ses voisins pour vu qu\u2019il \u00e9chappe aux cons\u00e9quences d\u2019une solution qui l\u2019emporterait politique? Il fait d\u2019ailleurs l\u2019objet de contestations sans pr\u00e9c\u00e9dent et se rabat sur les extr\u00e9mistes de la droite isra\u00e9lienne, Bengvir et Smotrich, pour sauver son maintien politique. T\u00f4t ou tard, il sera confront\u00e9 \u00e0 ses actes inhumains et connaitra la prison (malversations \u00e9conomiques en Isr\u00e9al) ou se fera arr\u00eater pour ses crimes de guerre et contre l\u2019humanit\u00e9 d\u00e9nonc\u00e9s par la Cour P\u00e9nale Internationale.<\/p>\n<p>Le voyage de A. Bliken a \u00e9galement une autre dimension qui concerne la tenue, le 19 ao\u00fbt 2024, de la Convention des D\u00e9mocrates \u00e0 Chicago o\u00f9 les atrocit\u00e9s sont fortement d\u00e9nonc\u00e9es par l\u2019opinion publique dans ce pays. L&#8217;impact de la crise palestinienne a, en effet, un \u00e9norme \u00e9cho contre les d\u00e9mocrates au moment o\u00f9 ils veulent investir K Harris, bien not\u00e9e par les sondages m\u00e9diatiques dans la course \u00e0 la course vers la pr\u00e9sidence contre D. Trump. La coincidence veut que ce soit le m\u00eame jour que l\u2019\u00e9missaire am\u00e9ricain devrait rencontrer B. Netanyahou.<\/p>\n<p>M\u00eame s\u2019ils paraissent, \u00e0 tous les rounds de n\u00e9gociations, plus royalistes que le roi \u2013la proposition actuellement discut\u00e9e avait \u00e9t\u00e9 formul\u00e9e par Isra\u00e9l avec la baraka des Usa- les am\u00e9ricains restent concern\u00e9s par tout ce qui se trame dans cette r\u00e9gion. Ils savent aussi que l\u2019avortement d\u2019une \u00e9ni\u00e8me tentative ouvrirait grande la porte des incertitudes avec notamment les menaces iraniennes de faire payer \u00e0 Isra\u00e9l son agression au cours de laquelle il a assassin\u00e9 feu Ismail Henniyeh alors qu\u2019il \u00e9tait son invit\u00e9. C\u2019\u00e9tait le 31 juillet dernier alors qu\u2019il \u00e9liminait le m\u00eame jour, dans un autre attentat \u00ab cibl\u00e9 \u00bb, le chef militaire du Hezbollah libanais, Fouad Chokr. En apparences, l&#8217;Iran rongerait son frein avant de r\u00e9agir \u00e0 l&#8217;agression isra\u00e9lienne pour donner plus de chance aux n\u00e9gociations d&#8217;aboutir.<\/p>\n<p>Quoiqu\u2019en disent les am\u00e9ricains et leurs alli\u00e9s, le Hamas a fait montre de plus de sang-froid que le gouvernement isra\u00e9lien dont l\u2019attitude personnelle du premier Ministre divise tout le pays. Contre toute attente, et preuve de son instabilit\u00e9 caract\u00e9rielle, le premier Ministre, change, sans cesse, ses propositions au point de miner totalement les avanc\u00e9es enregistr\u00e9es dans l\u2019av\u00e8nement d\u2019une tr\u00eave et d\u2019une lib\u00e9ration des otages nou\u00e9es sous, en mai 2024, sous l\u2019auspice us.<\/p>\n<p>Les m\u00e9diateurs qataris, \u00e9gyptiens et m\u00eame am\u00e9ricains disent tenter de faire pr\u00e9valoir un arr\u00eat des hostilit\u00e9s et une lib\u00e9ration des otages pour \u00e9viter un embrasement de la r\u00e9gion que le criminel de guerre Netanyahou essaie toujours de provoquer. A. Blinken aura-t-il assez de cran pour faire savoir au criminel de guerre B. Netanyahou que son pays d\u00e9fend, finance et prot\u00e8ge que ne serait-ce que pour le co\u00fbt humain, ce cercle vicieux doit s\u2019estomper. Il y a toujours des raisons d\u2019en douter, malheureusement.<\/p>\n<p>JD<\/p>\n","protected":false},"excerpt":{"rendered":"<p>Les n\u00e9gociations pour un cessez-le-feu pi\u00e9tinent \u00e0 Doha. Un \u00e9ni\u00e8me blocage introduit, \u00e0 ce qui \u00e9tait au d\u00e9part sa propre proposition, pr\u00e9sent\u00e9e en mai par les Etats-Unis, par le criminel de guerre, B. Netanyahou. Dans un dernier sprint, le secr\u00e9taire d\u2019Etat am\u00e9ricain, A. Blinken est arriv\u00e9, dimanche, \u00e0 Tel Aviv pour faire entendre raison au &hellip;<\/p>\n","protected":false},"author":2,"featured_media":10785,"comment_status":"open","ping_status":"open","sticky":false,"template":"","format":"standard","meta":{"footnotes":""},"categories":[18,29],"tags":[],"class_list":["post-10784","post","type-post","status-publish","format-standard","has-post-thumbnail","hentry","category-actualites","category-monde"],"_links":{"self":[{"href":"https:\/\/ladepeche.mr\/index.php?rest_route=\/wp\/v2\/posts\/10784","targetHints":{"allow":["GET"]}}],"collection":[{"href":"https:\/\/ladepeche.mr\/index.php?rest_route=\/wp\/v2\/posts"}],"about":[{"href":"https:\/\/ladepeche.mr\/index.php?rest_route=\/wp\/v2\/types\/post"}],"author":[{"embeddable":true,"href":"https:\/\/ladepeche.mr\/index.php?rest_route=\/wp\/v2\/users\/2"}],"replies":[{"embeddable":true,"href":"https:\/\/ladepeche.mr\/index.php?rest_route=%2Fwp%2Fv2%2Fcomments&post=10784"}],"version-history":[{"count":1,"href":"https:\/\/ladepeche.mr\/index.php?rest_route=\/wp\/v2\/posts\/10784\/revisions"}],"predecessor-version":[{"id":10786,"href":"https:\/\/ladepeche.mr\/index.php?rest_route=\/wp\/v2\/posts\/10784\/revisions\/10786"}],"wp:featuredmedia":[{"embeddable":true,"href":"https:\/\/ladepeche.mr\/index.php?rest_route=\/wp\/v2\/media\/10785"}],"wp:attachment":[{"href":"https:\/\/ladepeche.mr\/index.php?rest_route=%2Fwp%2Fv2%2Fmedia&parent=10784"}],"wp:term":[{"taxonomy":"category","embeddable":true,"href":"https:\/\/ladepeche.mr\/index.php?rest_route=%2Fwp%2Fv2%2Fcategories&post=10784"},{"taxonomy":"post_tag","embeddable":true,"href":"https:\/\/ladepeche.mr\/index.php?rest_route=%2Fwp%2Fv2%2Ftags&post=10784"}],"curies":[{"name":"wp","href":"https:\/\/api.w.org\/{rel}","templated":true}]}}