{"id":10802,"date":"2024-08-19T17:00:21","date_gmt":"2024-08-19T17:00:21","guid":{"rendered":"https:\/\/ladepeche.mr\/?p=10802"},"modified":"2024-08-19T20:21:09","modified_gmt":"2024-08-19T20:21:09","slug":"espagne-sanchez-entamera-une-tournee-en-afrique-pour-renforcer-la-lutte-contre-la-migration-irreguliere","status":"publish","type":"post","link":"https:\/\/ladepeche.mr\/?p=10802","title":{"rendered":"Espagne : S\u00e1nchez entamera une tourn\u00e9e en Afrique pour renforcer la lutte contre la migration irr\u00e9guli\u00e8re"},"content":{"rendered":"<p>Le pr\u00e9sident du gouvernement espagnol, Pedro S\u00e1nchez, entreprendra un voyage du 27 au 29 ao\u00fbt en Mauritanie, au S\u00e9n\u00e9gal et en Gambie pour renforcer la coop\u00e9ration contre la migration irr\u00e9guli\u00e8re. Cette tourn\u00e9e, programm\u00e9e depuis le d\u00e9but de l\u2019\u00e9t\u00e9 et annonc\u00e9e officiellement lundi, inclura des rencontres avec les pr\u00e9sidents des pays concern\u00e9s.<\/p>\n<p>Face \u00e0 l\u2019augmentation des arriv\u00e9es de migrants irr\u00e9guliers sur les c\u00f4tes espagnoles, notamment aux Canaries, S\u00e1nchez souhaite r\u00e9affirmer son soutien aux pays d\u2019origine et de transit, et intensifier les efforts pour pr\u00e9venir ces mouvements. Ce voyage marque la deuxi\u00e8me visite de S\u00e1nchez en Mauritanie en moins de six mois, apr\u00e8s une pr\u00e9c\u00e9dente mission en f\u00e9vrier avec Ursula von der Leyen, pr\u00e9sidente de la Commission europ\u00e9enne, au cours de laquelle une aide de plus de 500 millions d\u2019euros avait \u00e9t\u00e9 annonc\u00e9e pour le d\u00e9veloppement et la lutte contre la migration ill\u00e9gale.<\/p>\n<p>S\u00e1nchez rencontrera \u00e0 Nouakchott le pr\u00e9sident mauritanien Mohamed Ould Ghazouani, r\u00e9cemment r\u00e9\u00e9lu. Il visitera \u00e9galement le S\u00e9n\u00e9gal, o\u00f9 il rencontrera le nouveau pr\u00e9sident Bassirou Diomaye Faye pour la premi\u00e8re fois depuis son entr\u00e9e en fonction en avril.<\/p>\n<p>Pour la Gambie, ce sera la premi\u00e8re visite de S\u00e1nchez o\u00f9 il rencontrera le pr\u00e9sident Adama Barrow \u00e0 Banjul.<\/p>\n<p>Le nombre de migrants clandestins arriv\u00e9s dans l\u2019archipel des Canaries entre le 1er janvier et le 15 ao\u00fbt a plus que doubl\u00e9 par rapport \u00e0 la m\u00eame p\u00e9riode l\u2019an dernier, passant de pr\u00e8s de 10.000 \u00e0 plus de 22.000, selon les chiffres du minist\u00e8re espagnol de l\u2019Int\u00e9rieur.<\/p>\n<p>L\u2019ONG espagnole Caminando Fronteras, qui vient en aide aux migrants, estime que plus de 5.000 d\u2019entre eux ont p\u00e9ri en mer au cours des cinq premiers mois de l\u2019ann\u00e9e, soit une moyenne de 33 d\u00e9c\u00e8s par jour, alors qu\u2019ils tentaient de se rendre aux Canaries.<\/p>\n<blockquote class=\"wp-embedded-content\" data-secret=\"UElozFl0v3\"><p><a href=\"https:\/\/sahel-intelligence.com\/\">Accueil<\/a><\/p><\/blockquote>\n<p><iframe loading=\"lazy\" class=\"wp-embedded-content\" sandbox=\"allow-scripts\" security=\"restricted\" style=\"position: absolute; visibility: hidden;\" title=\"\u00ab\u00a0Accueil\u00a0\u00bb &#8212; Sahel Intelligence\" src=\"https:\/\/sahel-intelligence.com\/embed#?secret=PubVrFdPp3#?secret=UElozFl0v3\" data-secret=\"UElozFl0v3\" width=\"500\" height=\"282\" frameborder=\"0\" marginwidth=\"0\" marginheight=\"0\" scrolling=\"no\"><\/iframe><\/p>\n","protected":false},"excerpt":{"rendered":"<p>Le pr\u00e9sident du gouvernement espagnol, Pedro S\u00e1nchez, entreprendra un voyage du 27 au 29 ao\u00fbt en Mauritanie, au S\u00e9n\u00e9gal et en Gambie pour renforcer la coop\u00e9ration contre la migration irr\u00e9guli\u00e8re. Cette tourn\u00e9e, programm\u00e9e depuis le d\u00e9but de l\u2019\u00e9t\u00e9 et annonc\u00e9e officiellement lundi, inclura des rencontres avec les pr\u00e9sidents des pays concern\u00e9s. Face \u00e0 l\u2019augmentation des &hellip;<\/p>\n","protected":false},"author":2,"featured_media":10803,"comment_status":"open","ping_status":"open","sticky":false,"template":"","format":"standard","meta":{"footnotes":""},"categories":[18,29],"tags":[],"class_list":["post-10802","post","type-post","status-publish","format-standard","has-post-thumbnail","hentry","category-actualites","category-monde"],"_links":{"self":[{"href":"https:\/\/ladepeche.mr\/index.php?rest_route=\/wp\/v2\/posts\/10802","targetHints":{"allow":["GET"]}}],"collection":[{"href":"https:\/\/ladepeche.mr\/index.php?rest_route=\/wp\/v2\/posts"}],"about":[{"href":"https:\/\/ladepeche.mr\/index.php?rest_route=\/wp\/v2\/types\/post"}],"author":[{"embeddable":true,"href":"https:\/\/ladepeche.mr\/index.php?rest_route=\/wp\/v2\/users\/2"}],"replies":[{"embeddable":true,"href":"https:\/\/ladepeche.mr\/index.php?rest_route=%2Fwp%2Fv2%2Fcomments&post=10802"}],"version-history":[{"count":2,"href":"https:\/\/ladepeche.mr\/index.php?rest_route=\/wp\/v2\/posts\/10802\/revisions"}],"predecessor-version":[{"id":10816,"href":"https:\/\/ladepeche.mr\/index.php?rest_route=\/wp\/v2\/posts\/10802\/revisions\/10816"}],"wp:featuredmedia":[{"embeddable":true,"href":"https:\/\/ladepeche.mr\/index.php?rest_route=\/wp\/v2\/media\/10803"}],"wp:attachment":[{"href":"https:\/\/ladepeche.mr\/index.php?rest_route=%2Fwp%2Fv2%2Fmedia&parent=10802"}],"wp:term":[{"taxonomy":"category","embeddable":true,"href":"https:\/\/ladepeche.mr\/index.php?rest_route=%2Fwp%2Fv2%2Fcategories&post=10802"},{"taxonomy":"post_tag","embeddable":true,"href":"https:\/\/ladepeche.mr\/index.php?rest_route=%2Fwp%2Fv2%2Ftags&post=10802"}],"curies":[{"name":"wp","href":"https:\/\/api.w.org\/{rel}","templated":true}]}}