{"id":10805,"date":"2024-08-19T18:00:13","date_gmt":"2024-08-19T18:00:13","guid":{"rendered":"https:\/\/ladepeche.mr\/?p=10805"},"modified":"2024-08-19T16:47:44","modified_gmt":"2024-08-19T16:47:44","slug":"lancement-du-processus-de-selection-des-membres-du-mecanisme-national-pour-la-prevention-de-la-torture","status":"publish","type":"post","link":"https:\/\/ladepeche.mr\/?p=10805","title":{"rendered":"Lancement du processus de s\u00e9lection des membres du M\u00e9canisme national pour la pr\u00e9vention de la torture"},"content":{"rendered":"<p>Le Commissaire aux Droits de l\u2019Homme, \u00e0 l\u2019Action humanitaire et aux Relations avec la Soci\u00e9t\u00e9 civile, M. Sid\u2019Ahmed Benane, a supervis\u00e9, lundi, dans les locaux l\u2019Autorit\u00e9 nationale de lutte contre la traite des personnes et le trafic illicite de migrants, \u00e0 Nouakchott, le lancement de le processus de s\u00e9lection des membres du M\u00e9canisme national pour la pr\u00e9vention de la torture.<\/p>\n<p>Le comit\u00e9 charg\u00e9 du processus de s\u00e9lection \u00e9tudiera les dossiers des diff\u00e9rents candidats, afin de d\u00e9terminer les personnes qualifi\u00e9es pour faire partie de cet organisme, sur la base de crit\u00e8res bien pr\u00e9cis.<\/p>\n<p>La Commission des Droits de l\u2019Homme, de l\u2019Action humanitaire et des Relations avec la Soci\u00e9t\u00e9 civile a annonc\u00e9, dans un communiqu\u00e9 publi\u00e9 le 10 juillet dernier, l\u2019ouverture des modalit\u00e9s d\u2019accueil des candidatures \u00e0 l\u2019adh\u00e9sion \u00e0 ce m\u00e9canisme, du 11 au 25 du m\u00eame mois.<\/p>\n<p>La r\u00e9union s\u2019est d\u00e9roul\u00e9e en pr\u00e9sence du commissaire adjoint, M. Rassoul Ould El Khal.<\/p>\n<p>Ami<\/p>\n","protected":false},"excerpt":{"rendered":"<p>Le Commissaire aux Droits de l\u2019Homme, \u00e0 l\u2019Action humanitaire et aux Relations avec la Soci\u00e9t\u00e9 civile, M. Sid\u2019Ahmed Benane, a supervis\u00e9, lundi, dans les locaux l\u2019Autorit\u00e9 nationale de lutte contre la traite des personnes et le trafic illicite de migrants, \u00e0 Nouakchott, le lancement de le processus de s\u00e9lection des membres du M\u00e9canisme national pour &hellip;<\/p>\n","protected":false},"author":2,"featured_media":10806,"comment_status":"open","ping_status":"open","sticky":false,"template":"","format":"standard","meta":{"footnotes":""},"categories":[18],"tags":[],"class_list":["post-10805","post","type-post","status-publish","format-standard","has-post-thumbnail","hentry","category-actualites"],"_links":{"self":[{"href":"https:\/\/ladepeche.mr\/index.php?rest_route=\/wp\/v2\/posts\/10805","targetHints":{"allow":["GET"]}}],"collection":[{"href":"https:\/\/ladepeche.mr\/index.php?rest_route=\/wp\/v2\/posts"}],"about":[{"href":"https:\/\/ladepeche.mr\/index.php?rest_route=\/wp\/v2\/types\/post"}],"author":[{"embeddable":true,"href":"https:\/\/ladepeche.mr\/index.php?rest_route=\/wp\/v2\/users\/2"}],"replies":[{"embeddable":true,"href":"https:\/\/ladepeche.mr\/index.php?rest_route=%2Fwp%2Fv2%2Fcomments&post=10805"}],"version-history":[{"count":1,"href":"https:\/\/ladepeche.mr\/index.php?rest_route=\/wp\/v2\/posts\/10805\/revisions"}],"predecessor-version":[{"id":10807,"href":"https:\/\/ladepeche.mr\/index.php?rest_route=\/wp\/v2\/posts\/10805\/revisions\/10807"}],"wp:featuredmedia":[{"embeddable":true,"href":"https:\/\/ladepeche.mr\/index.php?rest_route=\/wp\/v2\/media\/10806"}],"wp:attachment":[{"href":"https:\/\/ladepeche.mr\/index.php?rest_route=%2Fwp%2Fv2%2Fmedia&parent=10805"}],"wp:term":[{"taxonomy":"category","embeddable":true,"href":"https:\/\/ladepeche.mr\/index.php?rest_route=%2Fwp%2Fv2%2Fcategories&post=10805"},{"taxonomy":"post_tag","embeddable":true,"href":"https:\/\/ladepeche.mr\/index.php?rest_route=%2Fwp%2Fv2%2Ftags&post=10805"}],"curies":[{"name":"wp","href":"https:\/\/api.w.org\/{rel}","templated":true}]}}