{"id":10812,"date":"2024-08-19T19:30:13","date_gmt":"2024-08-19T19:30:13","guid":{"rendered":"https:\/\/ladepeche.mr\/?p=10812"},"modified":"2024-08-19T19:01:38","modified_gmt":"2024-08-19T19:01:38","slug":"presidentielle-americaine-une-convention-democrate-pleine-despoir-debute-a-chicago-ou-kamala-harris-sera-officiellement-designee-candidate","status":"publish","type":"post","link":"https:\/\/ladepeche.mr\/?p=10812","title":{"rendered":"Pr\u00e9sidentielle am\u00e9ricaine : une convention d\u00e9mocrate pleine d\u2019espoir d\u00e9bute \u00e0 Chicago, o\u00f9 Kamala Harris sera officiellement d\u00e9sign\u00e9e candidate"},"content":{"rendered":"<div class=\"article__heading\">\n<p class=\"article__desc\">L\u2019actuelle vice-pr\u00e9sidente est arriv\u00e9e sur place dimanche soir, apr\u00e8s une journ\u00e9e de campagne en Pennsylvanie, un Etat-cl\u00e9 pour esp\u00e9rer remporter l\u2019\u00e9lection pr\u00e9sidentielle am\u00e9ricaine.<\/p>\n<\/div>\n<p class=\"article__paragraph \">Kamala Harris est arriv\u00e9e, dimanche 18\u00a0ao\u00fbt, \u00e0 Chicago (Illinois), \u00e0 la veille de la convention du Parti d\u00e9mocrate, auquel elle a redonn\u00e9 l\u2019espoir d\u2019une victoire face au r\u00e9publicain Donald Trump lors de l\u2019\u00e9lection pr\u00e9sidentielle de novembre. La vice-pr\u00e9sidente, entr\u00e9e en course apr\u00e8s le retrait de Joe Biden, en juillet, est assur\u00e9e d\u2019\u00eatre investie dans la liesse lors de cette grand-messe, qu\u2019elle conclura jeudi par un discours.<\/p>\n<p class=\"article__paragraph \">Dans la journ\u00e9e de dimanche, la candidate de 59\u00a0ans a sillonn\u00e9 en bus la Pennsylvanie, un Etat-cl\u00e9 pour la course \u00e0 la Maison Blanche.\u00a0<em>\u00ab\u00a0Je ne nous vois pas du tout en favoris<\/em>, a-t-elle dit \u00e0 la presse.\u00a0<em>Nous devons m\u00e9riter chaque voix et cela veut dire \u00eatre sur la route, \u00e0 la rencontre des gens.\u00a0\u00bb\u00a0<\/em>Devant un groupe de b\u00e9n\u00e9voles, Kamala Harris a jug\u00e9, dans une allusion implicite \u00e0 la rh\u00e9torique agressive de son rival Donald Trump, que\u00a0<em>\u00ab\u00a0les pr\u00e9tendus dirigeants qui ne pensent qu\u2019\u00e0 \u00e9craser les autres sont des l\u00e2ches\u00a0\u00bb<\/em>.<\/p>\n<div id=\"inread_top\" class=\"dfp-slot dfp__slot dfp__inread adm-ad-rendered\" data-format=\"inread_top\" aria-hidden=\"true\" data-google-query-id=\"CLj8sIXegYgDFZxBQQIdyT0DTg\">Vous pouvez partager un article en cliquant sur les ic\u00f4nes de partage en haut \u00e0 droite de celui-ci.<br \/>\nLa reproduction totale ou partielle d\u2019un article, sans l\u2019autorisation \u00e9crite et pr\u00e9alable du <a href=\"https:\/\/www.lemonde.fr\">Monde<\/a>, est strictement interdite.<br \/>\nPour plus d\u2019informations, consultez nos <a href=\"https:\/\/moncompte.lemonde.fr\/cgv\">conditions g\u00e9n\u00e9rales de vente<\/a>.<br \/>\nPour toute demande d\u2019autorisation, contactez <a href=\"mailto:syndication@lemonde.fr\">syndication@lemonde.fr<\/a>.<br \/>\nEn tant qu\u2019abonn\u00e9, vous pouvez offrir jusqu\u2019\u00e0 cinq articles par mois \u00e0 l\u2019un de vos proches gr\u00e2ce \u00e0 la fonctionnalit\u00e9 \u00ab Offrir un article \u00bb.<a href=\"https:\/\/www.lemonde.fr\/international\/article\/2024\/08\/19\/election-presidentielle-americaine-kamala-harris-arrive-a-chicago-pour-la-convention-democrate-promettant-son-investiture_6285948_3210.html\">https:\/\/www.lemonde.fr\/international\/article\/2024\/08\/19\/election-presidentielle-americaine-kamala-harris-arrive-a-chicago-pour-la-convention-democrate-promettant-son-investiture_6285948_3210.html<\/a><\/p>\n<p class=\"article__paragraph \">La vice-pr\u00e9sidente a apport\u00e9 des p\u00e2tisseries dans une caserne de pompiers, avant d\u2019aller \u00e0 la rencontre de l\u2019\u00e9quipe de football d\u2019un lyc\u00e9e. Elle s\u2019est aussi arr\u00eat\u00e9e dans une sup\u00e9rette, confiant au passage que son soda pr\u00e9f\u00e9r\u00e9 \u00e9tait la <em>root beer<\/em>, une boisson gazeuse sucr\u00e9e typiquement am\u00e9ricaine.<\/p>\n<h2 class=\"article__sub-title\">Donald Trump encha\u00eene les \u00e9v\u00e9nements<\/h2>\n<p class=\"article__paragraph \">La Pennsylvanie est l\u2019un des Etats les plus convoit\u00e9s \u2013 Donald Trump n\u2019y avait perdu que d\u2019un cheveu face \u00e0 Joe Biden en\u00a02020. Le r\u00e9publicain y \u00e9tait samedi, et il y retournera lundi. C\u2019est dans cet Etat qu\u2019il a fait l\u2019objet d\u2019une tentative d\u2019assassinat le 13\u00a0juillet.<\/p>\n<p class=\"article__paragraph \"><em>\u00ab\u00a0Elle est folle\u00a0\u00bb<\/em>, a dit le milliardaire de 78\u00a0ans \u00e0 propos de sa rivale. Priv\u00e9 de son meilleur ennemi depuis le retrait de M.\u00a0Biden, Donald Trump multiplie les attaques personnelles contre cette adversaire plus jeune de presque vingt ans. L\u2019\u00e9quipe du r\u00e9publicain a pr\u00e9vu des meetings dans des Etats-cl\u00e9s chaque jour de la convention d\u00e9mocrate, laquelle se tiendra de lundi \u00e0 jeudi \u00e0 Chicago.<\/p>\n<p>M.\u00a0Trump s\u2019exprimera sur l\u2019\u00e9conomie, lundi, en Pennsylvanie, puis sur la criminalit\u00e9 et la s\u00e9curit\u00e9 nationale les deux jours suivants, dans le Michigan et en Caroline du Nord. Le lendemain, il se rendra en Arizona, \u00e0 la fronti\u00e8re avec le Mexique, pour parler d\u2019immigration.<\/p>\n<p>Vous pouvez partager un article en cliquant sur les ic\u00f4nes de partage en haut \u00e0 droite de celui-ci.<br \/>\nLa reproduction totale ou partielle d\u2019un article, sans l\u2019autorisation \u00e9crite et pr\u00e9alable du <a href=\"https:\/\/www.lemonde.fr\">Monde<\/a>, est strictement interdite.<br \/>\nPour plus d\u2019informations, consultez nos <a href=\"https:\/\/moncompte.lemonde.fr\/cgv\">conditions g\u00e9n\u00e9rales de vente<\/a>.<br \/>\nPour toute demande d\u2019autorisation, contactez <a href=\"mailto:syndication@lemonde.fr\">syndication@lemonde.fr<\/a>.<br \/>\nEn tant qu\u2019abonn\u00e9, vous pouvez offrir jusqu\u2019\u00e0 cinq articles par mois \u00e0 l\u2019un de vos proches gr\u00e2ce \u00e0 la fonctionnalit\u00e9 \u00ab Offrir un article \u00bb.<\/p>\n<p><a href=\"https:\/\/www.lemonde.fr\/international\/article\/2024\/08\/19\/election-presidentielle-americaine-kamala-harris-arrive-a-chicago-pour-la-convention-democrate-promettant-son-investiture_6285948_3210.html\">https:\/\/www.lemonde.fr\/international\/article\/2024\/08\/19\/election-presidentielle-americaine-kamala-harris-arrive-a-chicago-pour-la-convention-democrate-promettant-son-investiture_6285948_3210.html<\/a><\/p>\n<h2 class=\"article__sub-title\">50\u00a0000 personnes attendues \u00e0 la convention d\u00e9mocrate<\/h2>\n<p class=\"article__paragraph \">Au moins 50\u00a0000 personnes \u2013 d\u00e9l\u00e9gu\u00e9s, b\u00e9n\u00e9voles, partisans\u2026 \u2013 sont attendues \u00e0 Chicago, troisi\u00e8me ville d\u2019Am\u00e9rique. Le dispositif de s\u00e9curit\u00e9 compte 2\u00a0500 policiers, alors que la tentative d\u2019assassinat contre Donald Trump reste dans tous les esprits.<\/p>\n<p class=\"article__paragraph \">Des collectifs de soutien aux Palestiniens ont pr\u00e9vu de grandes manifestations pour chercher \u00e0 placer la guerre \u00e0 Gaza au c\u0153ur des d\u00e9bats. Plusieurs centaines de personnes ont d\u00e9j\u00e0 d\u00e9fil\u00e9 dimanche dans une atmosph\u00e8re plut\u00f4t bon enfant, pour protester contre, selon elles, <em>\u00ab\u00a0le g\u00e9nocide \u00e0 Gaza\u00a0\u00bb<\/em>, a expliqu\u00e9 l\u2019un des organisateurs \u00e0 l\u2019Agence France-Presse. Reste \u00e0 voir si ces manifestations trouveront un \u00e9cho aupr\u00e8s de d\u00e9mocrates farouchement optimistes.<\/p>\n<h2 class=\"article__sub-title\">Barack Obama et Joe Biden pr\u00e9sents<\/h2>\n<p class=\"article__paragraph \"><em>\u00ab\u00a0L\u2019enthousiasme a consid\u00e9rablement augment\u00e9\u00a0\u00bb<\/em>, constate Laurie Beth Hager, une d\u00e9l\u00e9gu\u00e9e repr\u00e9sentant le Dakota du Nord\u00a0qui pr\u00e9dit que la convention sera <em>\u00ab\u00a0une grande manifestation de joie\u00a0\u00bb<\/em>. Dimanche, une nouvelle enqu\u00eate d\u2019opinion <em>Washington Post-<\/em>ABC News-Ipsos montrait la vice-pr\u00e9sidente l\u00e9g\u00e8rement en t\u00eate dans les intentions de vote \u00e0\u00a0l\u2019\u00e9chelle nationale.<\/p>\n<p>Lire la suite sur: https:\/\/www.lemonde.fr\/international\/article\/2024\/08\/19\/election-presidentielle-americaine-kamala-harris-arrive-a-chicago-pour-la-convention-democrate-promettant-son-investiture_6285948_3210.html<\/p>\n<\/div>\n","protected":false},"excerpt":{"rendered":"<p>L\u2019actuelle vice-pr\u00e9sidente est arriv\u00e9e sur place dimanche soir, apr\u00e8s une journ\u00e9e de campagne en Pennsylvanie, un Etat-cl\u00e9 pour esp\u00e9rer remporter l\u2019\u00e9lection pr\u00e9sidentielle am\u00e9ricaine. Kamala Harris est arriv\u00e9e, dimanche 18\u00a0ao\u00fbt, \u00e0 Chicago (Illinois), \u00e0 la veille de la convention du Parti d\u00e9mocrate, auquel elle a redonn\u00e9 l\u2019espoir d\u2019une victoire face au r\u00e9publicain Donald Trump lors de &hellip;<\/p>\n","protected":false},"author":2,"featured_media":10813,"comment_status":"open","ping_status":"open","sticky":false,"template":"","format":"standard","meta":{"footnotes":""},"categories":[18,29],"tags":[],"class_list":["post-10812","post","type-post","status-publish","format-standard","has-post-thumbnail","hentry","category-actualites","category-monde"],"_links":{"self":[{"href":"https:\/\/ladepeche.mr\/index.php?rest_route=\/wp\/v2\/posts\/10812","targetHints":{"allow":["GET"]}}],"collection":[{"href":"https:\/\/ladepeche.mr\/index.php?rest_route=\/wp\/v2\/posts"}],"about":[{"href":"https:\/\/ladepeche.mr\/index.php?rest_route=\/wp\/v2\/types\/post"}],"author":[{"embeddable":true,"href":"https:\/\/ladepeche.mr\/index.php?rest_route=\/wp\/v2\/users\/2"}],"replies":[{"embeddable":true,"href":"https:\/\/ladepeche.mr\/index.php?rest_route=%2Fwp%2Fv2%2Fcomments&post=10812"}],"version-history":[{"count":2,"href":"https:\/\/ladepeche.mr\/index.php?rest_route=\/wp\/v2\/posts\/10812\/revisions"}],"predecessor-version":[{"id":10815,"href":"https:\/\/ladepeche.mr\/index.php?rest_route=\/wp\/v2\/posts\/10812\/revisions\/10815"}],"wp:featuredmedia":[{"embeddable":true,"href":"https:\/\/ladepeche.mr\/index.php?rest_route=\/wp\/v2\/media\/10813"}],"wp:attachment":[{"href":"https:\/\/ladepeche.mr\/index.php?rest_route=%2Fwp%2Fv2%2Fmedia&parent=10812"}],"wp:term":[{"taxonomy":"category","embeddable":true,"href":"https:\/\/ladepeche.mr\/index.php?rest_route=%2Fwp%2Fv2%2Fcategories&post=10812"},{"taxonomy":"post_tag","embeddable":true,"href":"https:\/\/ladepeche.mr\/index.php?rest_route=%2Fwp%2Fv2%2Ftags&post=10812"}],"curies":[{"name":"wp","href":"https:\/\/api.w.org\/{rel}","templated":true}]}}