{"id":10822,"date":"2024-08-20T16:23:57","date_gmt":"2024-08-20T16:23:57","guid":{"rendered":"https:\/\/ladepeche.mr\/?p=10822"},"modified":"2024-08-20T16:23:57","modified_gmt":"2024-08-20T16:23:57","slug":"mauritanie-algerie-le-ministre-de-leconomie-et-des-finances-recoit-lambassadeur-dalgerie","status":"publish","type":"post","link":"https:\/\/ladepeche.mr\/?p=10822","title":{"rendered":"Mauritanie-Alg\u00e9rie: Le ministre de l&#8217;\u00c9conomie et des Finances re\u00e7oit l&#8217;Ambassadeur d&#8217;Alg\u00e9rie"},"content":{"rendered":"<p>Le ministre de l&#8217;\u00c9conomie et des Finances, Son Excellence Monsieur Sid&#8217;Ahmed Ould Bouh, a re\u00e7u en audience ce mardi matin \u00e0 Nouakchott, l&#8217;ambassadeur d&#8217;Alg\u00e9rie accr\u00e9dit\u00e9 aupr\u00e8s de notre pays, SEM. Mohamed Ben Attou.<\/p>\n<p>Les deux parties ont examin\u00e9 les divers aspects de coop\u00e9ration entre les deux pays fr\u00e8res, ainsi que les moyens de les renforcer et de les d\u00e9velopper, notamment dans les domaines \u00e9conomique et financier.<\/p>\n<p>La rencontre s&#8217;est d\u00e9roul\u00e9e en pr\u00e9sence de M. Mohamed Salem Ould Nani, directeur g\u00e9n\u00e9ral des Financements et de la Coop\u00e9ration \u00c9conomique.<\/p>\n<p>Source MEF<\/p>\n","protected":false},"excerpt":{"rendered":"<p>Le ministre de l&#8217;\u00c9conomie et des Finances, Son Excellence Monsieur Sid&#8217;Ahmed Ould Bouh, a re\u00e7u en audience ce mardi matin \u00e0 Nouakchott, l&#8217;ambassadeur d&#8217;Alg\u00e9rie accr\u00e9dit\u00e9 aupr\u00e8s de notre pays, SEM. Mohamed Ben Attou. Les deux parties ont examin\u00e9 les divers aspects de coop\u00e9ration entre les deux pays fr\u00e8res, ainsi que les moyens de les renforcer &hellip;<\/p>\n","protected":false},"author":2,"featured_media":10823,"comment_status":"open","ping_status":"open","sticky":false,"template":"","format":"standard","meta":{"footnotes":""},"categories":[18],"tags":[],"class_list":["post-10822","post","type-post","status-publish","format-standard","has-post-thumbnail","hentry","category-actualites"],"_links":{"self":[{"href":"https:\/\/ladepeche.mr\/index.php?rest_route=\/wp\/v2\/posts\/10822","targetHints":{"allow":["GET"]}}],"collection":[{"href":"https:\/\/ladepeche.mr\/index.php?rest_route=\/wp\/v2\/posts"}],"about":[{"href":"https:\/\/ladepeche.mr\/index.php?rest_route=\/wp\/v2\/types\/post"}],"author":[{"embeddable":true,"href":"https:\/\/ladepeche.mr\/index.php?rest_route=\/wp\/v2\/users\/2"}],"replies":[{"embeddable":true,"href":"https:\/\/ladepeche.mr\/index.php?rest_route=%2Fwp%2Fv2%2Fcomments&post=10822"}],"version-history":[{"count":1,"href":"https:\/\/ladepeche.mr\/index.php?rest_route=\/wp\/v2\/posts\/10822\/revisions"}],"predecessor-version":[{"id":10824,"href":"https:\/\/ladepeche.mr\/index.php?rest_route=\/wp\/v2\/posts\/10822\/revisions\/10824"}],"wp:featuredmedia":[{"embeddable":true,"href":"https:\/\/ladepeche.mr\/index.php?rest_route=\/wp\/v2\/media\/10823"}],"wp:attachment":[{"href":"https:\/\/ladepeche.mr\/index.php?rest_route=%2Fwp%2Fv2%2Fmedia&parent=10822"}],"wp:term":[{"taxonomy":"category","embeddable":true,"href":"https:\/\/ladepeche.mr\/index.php?rest_route=%2Fwp%2Fv2%2Fcategories&post=10822"},{"taxonomy":"post_tag","embeddable":true,"href":"https:\/\/ladepeche.mr\/index.php?rest_route=%2Fwp%2Fv2%2Ftags&post=10822"}],"curies":[{"name":"wp","href":"https:\/\/api.w.org\/{rel}","templated":true}]}}