{"id":10830,"date":"2024-08-21T10:46:55","date_gmt":"2024-08-21T10:46:55","guid":{"rendered":"https:\/\/ladepeche.mr\/?p=10830"},"modified":"2024-08-21T10:46:55","modified_gmt":"2024-08-21T10:46:55","slug":"nomination-dun-conseiller-a-la-presidence-de-la-republique","status":"publish","type":"post","link":"https:\/\/ladepeche.mr\/?p=10830","title":{"rendered":"Nomination d\u2019un conseiller \u00e0 la Pr\u00e9sidence de la R\u00e9publique"},"content":{"rendered":"<article id=\"post-252545\" class=\"post-252545 post type-post status-publish format-standard has-post-thumbnail  category-choix-du-redacteur category-fil-dactualite category-mauritanie category-slider-afficher category-slider-mauritanie single-post-content has-thumbnail\">\n<div class=\"entry-content clearfix single-post-content\">\n<p>La Pr\u00e9sidence de la R\u00e9publique a annonc\u00e9 qu\u2019en vertu d\u2019un d\u00e9cret rendu public aujourd\u2019hui (mercredi), M. Mohamed Mahfoudh Brahim Ahmed est nomm\u00e9 conseiller \u00e0 la Pr\u00e9sidence de la R\u00e9publique.<\/p>\n<p>Mohamed Mahfoudh Brahim Ahmed \u00e9tait jusqu&#8217;ici sg du minist\u00e8re de l&#8217;int\u00e9rieur et de la d\u00e9centralisation. Il fut \u00e9galement, sous l&#8217;\u00e8re de l&#8217;ex-pr\u00e9sident, Maaouiya Ould Sid&#8217;Ahmed Taya, l&#8217;un des artisans de la cr\u00e9ation de la soci\u00e9t\u00e9 de t\u00e9l\u00e9communication mauritano-marocaine (Mauritel).<\/p>\n<article id=\"post-252545\" class=\"post-252545 post type-post status-publish format-standard has-post-thumbnail  category-choix-du-redacteur category-fil-dactualite category-mauritanie category-slider-afficher category-slider-mauritanie single-post-content has-thumbnail\">\n<div class=\"entry-content clearfix single-post-content\">\n<p>&nbsp;<\/p>\n<div class=\"heateorSssClear\"><\/div>\n<div class=\"heateor_sss_sharing_container heateor_sss_horizontal_sharing\" data-heateor-sss-href=\"https:\/\/ami.mr\/fr\/archives\/252545\">\n<div class=\"heateor_sss_sharing_title\"><\/div>\n<div class=\"heateor_sss_sharing_ul\"><\/div>\n<div class=\"heateorSssClear\"><\/div>\n<\/div>\n<div class=\"heateorSssClear\"><\/div>\n<\/div>\n<\/article>\n<section class=\"next-prev-post clearfix\">\n<div class=\"prev-post\">\n<p class=\"pre-title heading-typo\">\n<\/div>\n<\/section>\n<div class=\"heateorSssClear\"><\/div>\n<div class=\"heateor_sss_sharing_container heateor_sss_horizontal_sharing\" data-heateor-sss-href=\"https:\/\/ami.mr\/fr\/archives\/252545\">\n<div class=\"heateor_sss_sharing_title\"><\/div>\n<div class=\"heateor_sss_sharing_ul\"><\/div>\n<div class=\"heateorSssClear\"><\/div>\n<\/div>\n<div class=\"heateorSssClear\"><\/div>\n<\/div>\n<\/article>\n<section class=\"next-prev-post clearfix\">\n<div class=\"prev-post\">\n<p class=\"pre-title heading-typo\">\n<\/div>\n<\/section>\n","protected":false},"excerpt":{"rendered":"<p>La Pr\u00e9sidence de la R\u00e9publique a annonc\u00e9 qu\u2019en vertu d\u2019un d\u00e9cret rendu public aujourd\u2019hui (mercredi), M. Mohamed Mahfoudh Brahim Ahmed est nomm\u00e9 conseiller \u00e0 la Pr\u00e9sidence de la R\u00e9publique. Mohamed Mahfoudh Brahim Ahmed \u00e9tait jusqu&#8217;ici sg du minist\u00e8re de l&#8217;int\u00e9rieur et de la d\u00e9centralisation. Il fut \u00e9galement, sous l&#8217;\u00e8re de l&#8217;ex-pr\u00e9sident, Maaouiya Ould Sid&#8217;Ahmed Taya, &hellip;<\/p>\n","protected":false},"author":2,"featured_media":10831,"comment_status":"open","ping_status":"open","sticky":false,"template":"","format":"standard","meta":{"footnotes":""},"categories":[18,31],"tags":[],"class_list":["post-10830","post","type-post","status-publish","format-standard","has-post-thumbnail","hentry","category-actualites","category-politique-et-reportages"],"_links":{"self":[{"href":"https:\/\/ladepeche.mr\/index.php?rest_route=\/wp\/v2\/posts\/10830","targetHints":{"allow":["GET"]}}],"collection":[{"href":"https:\/\/ladepeche.mr\/index.php?rest_route=\/wp\/v2\/posts"}],"about":[{"href":"https:\/\/ladepeche.mr\/index.php?rest_route=\/wp\/v2\/types\/post"}],"author":[{"embeddable":true,"href":"https:\/\/ladepeche.mr\/index.php?rest_route=\/wp\/v2\/users\/2"}],"replies":[{"embeddable":true,"href":"https:\/\/ladepeche.mr\/index.php?rest_route=%2Fwp%2Fv2%2Fcomments&post=10830"}],"version-history":[{"count":1,"href":"https:\/\/ladepeche.mr\/index.php?rest_route=\/wp\/v2\/posts\/10830\/revisions"}],"predecessor-version":[{"id":10832,"href":"https:\/\/ladepeche.mr\/index.php?rest_route=\/wp\/v2\/posts\/10830\/revisions\/10832"}],"wp:featuredmedia":[{"embeddable":true,"href":"https:\/\/ladepeche.mr\/index.php?rest_route=\/wp\/v2\/media\/10831"}],"wp:attachment":[{"href":"https:\/\/ladepeche.mr\/index.php?rest_route=%2Fwp%2Fv2%2Fmedia&parent=10830"}],"wp:term":[{"taxonomy":"category","embeddable":true,"href":"https:\/\/ladepeche.mr\/index.php?rest_route=%2Fwp%2Fv2%2Fcategories&post=10830"},{"taxonomy":"post_tag","embeddable":true,"href":"https:\/\/ladepeche.mr\/index.php?rest_route=%2Fwp%2Fv2%2Ftags&post=10830"}],"curies":[{"name":"wp","href":"https:\/\/api.w.org\/{rel}","templated":true}]}}