{"id":10833,"date":"2024-08-21T11:27:36","date_gmt":"2024-08-21T11:27:36","guid":{"rendered":"https:\/\/ladepeche.mr\/?p=10833"},"modified":"2024-08-21T12:09:23","modified_gmt":"2024-08-21T12:09:23","slug":"migration-vers-les-usa-le-transit-en-espagne-vers-dautres-pays-soumis-a-visa-special","status":"publish","type":"post","link":"https:\/\/ladepeche.mr\/?p=10833","title":{"rendered":"Migration vers les USA: Le transit par l&#8217;Espagne, vers d\u2019autres pays, soumis \u00e0 visa sp\u00e9cial pour les mauritaniens"},"content":{"rendered":"<p>L\u2019Espagne vient d\u2019instituer un visa de transit obligatoire pour tous les mauritaniens munis de passeports ordinaires transitant par ses a\u00e9roports en direction de pays non membre de l\u2019espace Schengen.<\/p>\n<p>Le visa de transit entre en vigueur d\u2019urgence d\u00e8s le 28 ao\u00fbt courant apprend-on de source d\u2019un communiqu\u00e9 de l\u2019ambassade espagnole en Mauritanie.<\/p>\n<p>Selon l\u2019ambassade espagnole ladite mesure serait pr\u00e9ventive et \u00abcouverte par l&#8217;article 3, paragraphe 2, du code des visas Schengen de l\u2019Union europ\u00e9enne\u00a0\u00bb. Elle \u00abvise \u00e0 corriger l&#8217;augmentation des flux migratoires irr\u00e9guliers\u00a0\u00bb.<\/p>\n<p>L\u2019Espagne tente ainsi d\u2019\u00e9viter de servir de tremplin pour les destinations \u00a0comme l\u2019Am\u00e9rique latine devenue un passage oblig\u00e9 pour les migrants mauritaniens en direction de \u00ab\u00a0El dorado\u00a0\u00bb am\u00e9ricain.<\/p>\n<p>En plus donc d\u2019aider les autorit\u00e9s mauritaniennes et am\u00e9ricaines \u00e0 r\u00e9duite les flux migratoires incontr\u00f4l\u00e9s, l\u2019Espagne annonce cependant que \u00ab\u00a0la mesure est r\u00e9versible et peut \u00eatre r\u00e9examin\u00e9e si la situation s&#8217;am\u00e9liore\u00a0\u00bb mais elle assure qu\u2019elle n\u2019affectera en rien les citoyens mauritaniens avec des visas ou cartes de s\u00e9jour.<\/p>\n","protected":false},"excerpt":{"rendered":"<p>L\u2019Espagne vient d\u2019instituer un visa de transit obligatoire pour tous les mauritaniens munis de passeports ordinaires transitant par ses a\u00e9roports en direction de pays non membre de l\u2019espace Schengen. Le visa de transit entre en vigueur d\u2019urgence d\u00e8s le 28 ao\u00fbt courant apprend-on de source d\u2019un communiqu\u00e9 de l\u2019ambassade espagnole en Mauritanie. Selon l\u2019ambassade espagnole &hellip;<\/p>\n","protected":false},"author":2,"featured_media":10834,"comment_status":"open","ping_status":"open","sticky":false,"template":"","format":"standard","meta":{"footnotes":""},"categories":[18,29],"tags":[],"class_list":["post-10833","post","type-post","status-publish","format-standard","has-post-thumbnail","hentry","category-actualites","category-monde"],"_links":{"self":[{"href":"https:\/\/ladepeche.mr\/index.php?rest_route=\/wp\/v2\/posts\/10833","targetHints":{"allow":["GET"]}}],"collection":[{"href":"https:\/\/ladepeche.mr\/index.php?rest_route=\/wp\/v2\/posts"}],"about":[{"href":"https:\/\/ladepeche.mr\/index.php?rest_route=\/wp\/v2\/types\/post"}],"author":[{"embeddable":true,"href":"https:\/\/ladepeche.mr\/index.php?rest_route=\/wp\/v2\/users\/2"}],"replies":[{"embeddable":true,"href":"https:\/\/ladepeche.mr\/index.php?rest_route=%2Fwp%2Fv2%2Fcomments&post=10833"}],"version-history":[{"count":3,"href":"https:\/\/ladepeche.mr\/index.php?rest_route=\/wp\/v2\/posts\/10833\/revisions"}],"predecessor-version":[{"id":10848,"href":"https:\/\/ladepeche.mr\/index.php?rest_route=\/wp\/v2\/posts\/10833\/revisions\/10848"}],"wp:featuredmedia":[{"embeddable":true,"href":"https:\/\/ladepeche.mr\/index.php?rest_route=\/wp\/v2\/media\/10834"}],"wp:attachment":[{"href":"https:\/\/ladepeche.mr\/index.php?rest_route=%2Fwp%2Fv2%2Fmedia&parent=10833"}],"wp:term":[{"taxonomy":"category","embeddable":true,"href":"https:\/\/ladepeche.mr\/index.php?rest_route=%2Fwp%2Fv2%2Fcategories&post=10833"},{"taxonomy":"post_tag","embeddable":true,"href":"https:\/\/ladepeche.mr\/index.php?rest_route=%2Fwp%2Fv2%2Ftags&post=10833"}],"curies":[{"name":"wp","href":"https:\/\/api.w.org\/{rel}","templated":true}]}}