{"id":10841,"date":"2024-08-21T12:00:55","date_gmt":"2024-08-21T12:00:55","guid":{"rendered":"https:\/\/ladepeche.mr\/?p=10841"},"modified":"2024-08-21T11:48:57","modified_gmt":"2024-08-21T11:48:57","slug":"le-chef-detat-major-general-des-armees-supervise-la-cloture-de-lannee-academique-du-lycee-militaire-de-nouakchott","status":"publish","type":"post","link":"https:\/\/ladepeche.mr\/?p=10841","title":{"rendered":"Le chef d\u2019\u00e9tat-major g\u00e9n\u00e9ral des arm\u00e9es supervise la cl\u00f4ture de l\u2019ann\u00e9e acad\u00e9mique du lyc\u00e9e militaire de Nouakchott"},"content":{"rendered":"<p>Le chef d\u2019\u00e9tat-major g\u00e9n\u00e9ral des arm\u00e9es, le g\u00e9n\u00e9ral de division Mokhtar Bolla Chaabane, a pr\u00e9sid\u00e9, mardi, au lyc\u00e9e militaire de Nouakchott, la c\u00e9r\u00e9monie de cl\u00f4ture de l\u2019ann\u00e9e acad\u00e9mique 2023-2024, en pr\u00e9sence du g\u00e9n\u00e9ral de brigade Saidou Samba Dia, secr\u00e9taire g\u00e9n\u00e9ral du minist\u00e8re de la d\u00e9fense, des retrait\u00e9s et des enfants des martyrs, et de M. Yahya Ould Taleb, secr\u00e9taire g\u00e9n\u00e9ral du minist\u00e8re de l\u2019\u00e9ducation et de la r\u00e9forme du syst\u00e8me d\u2019enseignement.<\/p>\n<p>Dans son allocution \u00e0 cette occasion, le directeur du lyc\u00e9e militaire, le colonel Ely Alagnane Ely, a soulign\u00e9 que cette c\u00e9r\u00e9monie s\u2019inscrit dans le cadre de la cl\u00f4ture de l\u2019ann\u00e9e acad\u00e9mique et de l\u2019hommage rendu aux \u00e9l\u00e8ves laur\u00e9ats, notant que l\u2019administration du lyc\u00e9e, sous la conduite du commandant supr\u00eame des forces arm\u00e9es, a tenu \u00e0 combler les lacunes \u00e9ducatives constat\u00e9es auparavant afin de demeurer une institution de premier plan et un exemple \u00e0 imiter en mati\u00e8re de r\u00e9ussite scientifique.<\/p>\n<p>Il a expliqu\u00e9 que le lyc\u00e9e militaire a pu faire sortir 184 \u00e9l\u00e8ves en peu de temps, gr\u00e2ce au suivi attentif et rigoureux de l\u2019administration de l\u2019\u00e9cole aupr\u00e8s des \u00e9l\u00e8ves et du personnel enseignant, ce qui lui a permis de conserver la premi\u00e8re place au niveau national en termes de taux de r\u00e9ussite de 100 % dans le d\u00e9partement de math\u00e9matiques, avec deux de ses \u00e9l\u00e8ves parmi les dix premiers, et l\u2019institution a atteint un taux de r\u00e9ussite de 100 % au niveau du BEPC, tandis que tous les participants aux Olympiades se sont qualifi\u00e9s pour les phases finales cette ann\u00e9e.<\/p>\n<p>Le directeur a ajout\u00e9 que tous ces efforts visaient \u00e0 mettre l\u2019accent sur la connaissance et les r\u00e9sultats scientifiques, la moralit\u00e9, la discipline et l\u2019ordre, afin que l\u2019\u00e9tablissement conserve toujours sa position de leader, car c\u2019est gr\u00e2ce \u00e0 la connaissance que les objectifs sont atteints, m\u00eame s\u2019ils sont difficiles.<\/p>\n<p>Au nom de ses coll\u00e8gues, le repr\u00e9sentant des enseignants, M. Ahmed Hassan Abidine, a remerci\u00e9 le commandant du lyc\u00e9e militaire pour les efforts remarquables qu\u2019il a d\u00e9ploy\u00e9s pour mobiliser des ressources, fournir des moyens et cr\u00e9er une atmosph\u00e8re appropri\u00e9e, louant les succ\u00e8s remarquables obtenus par le lyc\u00e9e militaire tout au long de son parcours \u00e9ducatif, en particulier cette ann\u00e9e o\u00f9 de nombreux \u00e9l\u00e8ves ont excell\u00e9 dans les examens du baccalaur\u00e9at et du BEPC, o\u00f9 le taux de r\u00e9ussite dans les deux certificats a atteint 100 % avec de bonnes moyennes.<\/p>\n<p>Dans son discours, M. Mokhtar Ahmed Salem, repr\u00e9sentant des parents d\u2019\u00e9l\u00e8ves, a soulign\u00e9 la fiert\u00e9 des parents \u00e0 l\u2019\u00e9gard de cet \u00e9tablissement prestigieux, car ils voient, ann\u00e9e apr\u00e8s ann\u00e9e, leurs enfants figurer en t\u00eate des listes d\u2019excellence.<\/p>\n<p>Il a \u00e9galement remerci\u00e9 l\u2019institution et son corps enseignant pour les efforts exceptionnels qu\u2019ils ont d\u00e9ploy\u00e9s au cours de l\u2019ann\u00e9e acad\u00e9mique, soulignant que le Lyc\u00e9e militaire est l\u2019une des plus importantes institutions d\u2019excellence sur le territoire national.<\/p>\n<p>A la fin de la c\u00e9r\u00e9monie, des prix de valeur et des certificats d\u2019appr\u00e9ciation ont \u00e9t\u00e9 distribu\u00e9s par le chef d\u2019\u00e9tat-major g\u00e9n\u00e9ral des forces arm\u00e9es aux \u00e9l\u00e8ves du lyc\u00e9e militaire qui se sont distingu\u00e9s au cours de l\u2019ann\u00e9e acad\u00e9mique \u00e9coul\u00e9e.<\/p>\n<p>La c\u00e9r\u00e9monie s\u2019est d\u00e9roul\u00e9e en pr\u00e9sence de commandants militaires, d\u2019un repr\u00e9sentant de la commune de Sebkha et d\u2019un certain nombre de parents d\u2019\u00e9l\u00e8ves de l\u2019institution.<\/p>\n<p>Ami<\/p>\n","protected":false},"excerpt":{"rendered":"<p>Le chef d\u2019\u00e9tat-major g\u00e9n\u00e9ral des arm\u00e9es, le g\u00e9n\u00e9ral de division Mokhtar Bolla Chaabane, a pr\u00e9sid\u00e9, mardi, au lyc\u00e9e militaire de Nouakchott, la c\u00e9r\u00e9monie de cl\u00f4ture de l\u2019ann\u00e9e acad\u00e9mique 2023-2024, en pr\u00e9sence du g\u00e9n\u00e9ral de brigade Saidou Samba Dia, secr\u00e9taire g\u00e9n\u00e9ral du minist\u00e8re de la d\u00e9fense, des retrait\u00e9s et des enfants des martyrs, et de M. &hellip;<\/p>\n","protected":false},"author":2,"featured_media":10843,"comment_status":"open","ping_status":"open","sticky":false,"template":"","format":"standard","meta":{"footnotes":""},"categories":[18],"tags":[],"class_list":["post-10841","post","type-post","status-publish","format-standard","has-post-thumbnail","hentry","category-actualites"],"_links":{"self":[{"href":"https:\/\/ladepeche.mr\/index.php?rest_route=\/wp\/v2\/posts\/10841","targetHints":{"allow":["GET"]}}],"collection":[{"href":"https:\/\/ladepeche.mr\/index.php?rest_route=\/wp\/v2\/posts"}],"about":[{"href":"https:\/\/ladepeche.mr\/index.php?rest_route=\/wp\/v2\/types\/post"}],"author":[{"embeddable":true,"href":"https:\/\/ladepeche.mr\/index.php?rest_route=\/wp\/v2\/users\/2"}],"replies":[{"embeddable":true,"href":"https:\/\/ladepeche.mr\/index.php?rest_route=%2Fwp%2Fv2%2Fcomments&post=10841"}],"version-history":[{"count":1,"href":"https:\/\/ladepeche.mr\/index.php?rest_route=\/wp\/v2\/posts\/10841\/revisions"}],"predecessor-version":[{"id":10844,"href":"https:\/\/ladepeche.mr\/index.php?rest_route=\/wp\/v2\/posts\/10841\/revisions\/10844"}],"wp:featuredmedia":[{"embeddable":true,"href":"https:\/\/ladepeche.mr\/index.php?rest_route=\/wp\/v2\/media\/10843"}],"wp:attachment":[{"href":"https:\/\/ladepeche.mr\/index.php?rest_route=%2Fwp%2Fv2%2Fmedia&parent=10841"}],"wp:term":[{"taxonomy":"category","embeddable":true,"href":"https:\/\/ladepeche.mr\/index.php?rest_route=%2Fwp%2Fv2%2Fcategories&post=10841"},{"taxonomy":"post_tag","embeddable":true,"href":"https:\/\/ladepeche.mr\/index.php?rest_route=%2Fwp%2Fv2%2Ftags&post=10841"}],"curies":[{"name":"wp","href":"https:\/\/api.w.org\/{rel}","templated":true}]}}