{"id":10845,"date":"2024-08-21T13:00:41","date_gmt":"2024-08-21T13:00:41","guid":{"rendered":"https:\/\/ladepeche.mr\/?p=10845"},"modified":"2024-08-21T12:08:00","modified_gmt":"2024-08-21T12:08:00","slug":"pour-attenuer-les-effets-des-recentes-pluies-lonas-a-la-rescousse-de-bassiknou","status":"publish","type":"post","link":"https:\/\/ladepeche.mr\/?p=10845","title":{"rendered":"Pour att\u00e9nuer les effets des r\u00e9centes pluies\u00a0: L\u2019Onas \u00e0 la rescousse de Bassiknou"},"content":{"rendered":"<p>L\u2019Office national d\u2019assainissement a d\u00e9ploy\u00e9 de gros moyens d\u2019exhaure d\u2019eau stagnante \u00e0 Bassiknou, dans le Hodh Charghi o\u00f9 d\u2019importantes quantit\u00e9s de pluie ont \u00e9t\u00e9 enregistr\u00e9es ces derniers jours.<\/p>\n<p>Le coup d\u2019envoir des op\u00e9rations d\u2019\u00e9vacuation des eaux a \u00e9t\u00e9 donn\u00e9 par hakem adjoint, El Hadj Ould Ali, en pr\u00e9sence du maire Mohamed Oud Sidi Ould Hanena.<\/p>\n<p>L\u2019objectif assign\u00e9 \u00e0 ces op\u00e9rations par l\u2019ONAS est d\u2019\u00e9vacuer les eaux de pluie qui ont envahi des routes et quartiers de Bassiknou et de r\u00e9duire les impacts sanitaires et environnementaux de leur stagnation.<\/p>\n<p>A noter, selon les autorit\u00e9s locales, que suite \u00e0 de fortes pluies des d\u00e9g\u00e2ts mat\u00e9riels ont concern\u00e9 quelques maisons en banco situ\u00e9es dans les zones inondables, ainsi que la constitution de flaques et mares obstruant la fluidit\u00e9 du trafic entre les quartiers de la commune. Le maire de la ville a, \u00e0 cet \u00e9gard, remerci\u00e9 les autorit\u00e9s publiques et l\u2019Onas pour leur prompte r\u00e9action contre \u00ab\u00a0les effets des eaux stagnantes qui entravent la circulation et menacent la sant\u00e9 de la population\u00a0\u00bb.<\/p>\n","protected":false},"excerpt":{"rendered":"<p>L\u2019Office national d\u2019assainissement a d\u00e9ploy\u00e9 de gros moyens d\u2019exhaure d\u2019eau stagnante \u00e0 Bassiknou, dans le Hodh Charghi o\u00f9 d\u2019importantes quantit\u00e9s de pluie ont \u00e9t\u00e9 enregistr\u00e9es ces derniers jours. Le coup d\u2019envoir des op\u00e9rations d\u2019\u00e9vacuation des eaux a \u00e9t\u00e9 donn\u00e9 par hakem adjoint, El Hadj Ould Ali, en pr\u00e9sence du maire Mohamed Oud Sidi Ould Hanena. &hellip;<\/p>\n","protected":false},"author":2,"featured_media":10846,"comment_status":"open","ping_status":"open","sticky":false,"template":"","format":"standard","meta":{"footnotes":""},"categories":[18],"tags":[],"class_list":["post-10845","post","type-post","status-publish","format-standard","has-post-thumbnail","hentry","category-actualites"],"_links":{"self":[{"href":"https:\/\/ladepeche.mr\/index.php?rest_route=\/wp\/v2\/posts\/10845","targetHints":{"allow":["GET"]}}],"collection":[{"href":"https:\/\/ladepeche.mr\/index.php?rest_route=\/wp\/v2\/posts"}],"about":[{"href":"https:\/\/ladepeche.mr\/index.php?rest_route=\/wp\/v2\/types\/post"}],"author":[{"embeddable":true,"href":"https:\/\/ladepeche.mr\/index.php?rest_route=\/wp\/v2\/users\/2"}],"replies":[{"embeddable":true,"href":"https:\/\/ladepeche.mr\/index.php?rest_route=%2Fwp%2Fv2%2Fcomments&post=10845"}],"version-history":[{"count":1,"href":"https:\/\/ladepeche.mr\/index.php?rest_route=\/wp\/v2\/posts\/10845\/revisions"}],"predecessor-version":[{"id":10847,"href":"https:\/\/ladepeche.mr\/index.php?rest_route=\/wp\/v2\/posts\/10845\/revisions\/10847"}],"wp:featuredmedia":[{"embeddable":true,"href":"https:\/\/ladepeche.mr\/index.php?rest_route=\/wp\/v2\/media\/10846"}],"wp:attachment":[{"href":"https:\/\/ladepeche.mr\/index.php?rest_route=%2Fwp%2Fv2%2Fmedia&parent=10845"}],"wp:term":[{"taxonomy":"category","embeddable":true,"href":"https:\/\/ladepeche.mr\/index.php?rest_route=%2Fwp%2Fv2%2Fcategories&post=10845"},{"taxonomy":"post_tag","embeddable":true,"href":"https:\/\/ladepeche.mr\/index.php?rest_route=%2Fwp%2Fv2%2Ftags&post=10845"}],"curies":[{"name":"wp","href":"https:\/\/api.w.org\/{rel}","templated":true}]}}