{"id":10852,"date":"2024-08-21T15:30:39","date_gmt":"2024-08-21T15:30:39","guid":{"rendered":"https:\/\/ladepeche.mr\/?p=10852"},"modified":"2024-08-21T14:52:24","modified_gmt":"2024-08-21T14:52:24","slug":"le-directeur-des-previsions-de-lonm-declare-la-semaine-derniere-a-ete-pluvieuse-par-excellence-sur-certaines-des-wilayas-de-la-mauritanie","status":"publish","type":"post","link":"https:\/\/ladepeche.mr\/?p=10852","title":{"rendered":"Le directeur des pr\u00e9visions de l\u2019ONM d\u00e9clare : \u00ab La semaine derni\u00e8re a \u00e9t\u00e9 pluvieuse par excellence sur certaines des wilayas de la Mauritanie \u00bb"},"content":{"rendered":"<p>L\u2019Office National de M\u00e9t\u00e9orologie (ONM) avait pr\u00e9vu que la situation m\u00e9t\u00e9orologique sera propice \u00e0 la formation des nuages convectifs qui se d\u00e9placent de l\u2019est vers l\u2019ouest de la Mauritanie pouvant entrainer des pr\u00e9cipitations mod\u00e9r\u00e9es \u00e0 fortes et parfois tr\u00e8s fortes d\u00e9passant le seuil des 90 mm dans certaines zones avec une vitesse de vents parfois assez fortes, notamment dans les deux Hodhs, l\u2019Assaba, le Tagant, l\u2019Adrar, le Guidimagha, le Gorgol et le Brakna.<\/p>\n<p>Cette formation des nuages convectifs a permis d\u2019enregistrer la semaine derni\u00e8re des pr\u00e9cipitations mod\u00e9r\u00e9es \u00e0 fortes et parfois tr\u00e8s fortes qui ont atteint 65 mm et un peu plus dans certaines des localit\u00e9s de l\u2019Adrar, des pluies diluviennes atteignant 100, 125 et m\u00eame 137 dans d\u2019autres localit\u00e9s du pays tandis que certains villages et villes ont connu de faibles pr\u00e9cipitations alors que d\u2019autres ont b\u00e9n\u00e9fici\u00e9 de fortes pluies enregistrant des hauteurs allant de 70 et 90 mm.<\/p>\n<p>Le directeur des pr\u00e9visions de l\u2019ONM, M. Sidi Ould Mohamed Lemine a affirm\u00e9, dans une d\u00e9claration ce mercredi \u00e0 l\u2019AMI, que l\u2019hivernage de cette ann\u00e9e a connu un d\u00e9marrage pr\u00e9coce et bon, soulignant qu\u2019un arr\u00eat assez long des pluies a port\u00e9 pr\u00e9judice, par la suite, au couvert v\u00e9g\u00e9tal de certaines wilayas.<\/p>\n<p>Il a assur\u00e9 que les pr\u00e9cipitations enregistr\u00e9es la semaine derni\u00e8re dans le pays ont permis de compenser certains d\u00e9ficits constat\u00e9s dans des wilayas, en particulier au Trarza et au Brakna.<\/p>\n<p>M. Sidi Ould Mohamed Lemine a, enfin, not\u00e9 que, pour le reste de la p\u00e9riode de l\u2019hivernage, les pr\u00e9visions m\u00e9t\u00e9orologiques sont prometteuses et pr\u00e9voient des pr\u00e9cipitations moyennes \u00e0 exc\u00e9dentaires pour le reste du mois d\u2019ao\u00fbt et le mois de septembre sur l\u2019ensemble du territoire national.<\/p>\n<p>Ami<\/p>\n","protected":false},"excerpt":{"rendered":"<p>L\u2019Office National de M\u00e9t\u00e9orologie (ONM) avait pr\u00e9vu que la situation m\u00e9t\u00e9orologique sera propice \u00e0 la formation des nuages convectifs qui se d\u00e9placent de l\u2019est vers l\u2019ouest de la Mauritanie pouvant entrainer des pr\u00e9cipitations mod\u00e9r\u00e9es \u00e0 fortes et parfois tr\u00e8s fortes d\u00e9passant le seuil des 90 mm dans certaines zones avec une vitesse de vents parfois &hellip;<\/p>\n","protected":false},"author":2,"featured_media":10853,"comment_status":"open","ping_status":"open","sticky":false,"template":"","format":"standard","meta":{"footnotes":""},"categories":[18],"tags":[],"class_list":["post-10852","post","type-post","status-publish","format-standard","has-post-thumbnail","hentry","category-actualites"],"_links":{"self":[{"href":"https:\/\/ladepeche.mr\/index.php?rest_route=\/wp\/v2\/posts\/10852","targetHints":{"allow":["GET"]}}],"collection":[{"href":"https:\/\/ladepeche.mr\/index.php?rest_route=\/wp\/v2\/posts"}],"about":[{"href":"https:\/\/ladepeche.mr\/index.php?rest_route=\/wp\/v2\/types\/post"}],"author":[{"embeddable":true,"href":"https:\/\/ladepeche.mr\/index.php?rest_route=\/wp\/v2\/users\/2"}],"replies":[{"embeddable":true,"href":"https:\/\/ladepeche.mr\/index.php?rest_route=%2Fwp%2Fv2%2Fcomments&post=10852"}],"version-history":[{"count":1,"href":"https:\/\/ladepeche.mr\/index.php?rest_route=\/wp\/v2\/posts\/10852\/revisions"}],"predecessor-version":[{"id":10854,"href":"https:\/\/ladepeche.mr\/index.php?rest_route=\/wp\/v2\/posts\/10852\/revisions\/10854"}],"wp:featuredmedia":[{"embeddable":true,"href":"https:\/\/ladepeche.mr\/index.php?rest_route=\/wp\/v2\/media\/10853"}],"wp:attachment":[{"href":"https:\/\/ladepeche.mr\/index.php?rest_route=%2Fwp%2Fv2%2Fmedia&parent=10852"}],"wp:term":[{"taxonomy":"category","embeddable":true,"href":"https:\/\/ladepeche.mr\/index.php?rest_route=%2Fwp%2Fv2%2Fcategories&post=10852"},{"taxonomy":"post_tag","embeddable":true,"href":"https:\/\/ladepeche.mr\/index.php?rest_route=%2Fwp%2Fv2%2Ftags&post=10852"}],"curies":[{"name":"wp","href":"https:\/\/api.w.org\/{rel}","templated":true}]}}